{"id":77078,"date":"2025-01-31T19:08:09","date_gmt":"2025-02-01T01:08:09","guid":{"rendered":"https:\/\/zonaroja.com.mx\/?p=77078"},"modified":"2025-01-31T19:08:12","modified_gmt":"2025-02-01T01:08:12","slug":"crece-violencia-en-oaxaca-capital-un-asesinado-y-una-lesionada","status":"publish","type":"post","link":"https:\/\/zonaroja.com.mx\/?p=77078","title":{"rendered":"Crece violencia en Oaxaca capital: un asesinado y una lesionada"},"content":{"rendered":"\n<p>Ismael Garc\u00eda M.\/Zona Roja.<\/p>\n\n\n\n<p>Oaxaca de Ju\u00e1rez, Oax., a 31 de enero de 2025.- Pese a los supuestos operativos de seguridad por parte de la polic\u00eda municipal, una persona del sexo masculino fue asesinada a balazos en la ciudad de Oaxaca, hechos en que una mujer result\u00f3 lesionada.<\/p>\n\n\n\n<p>Fue minutos despu\u00e9s de las 13:00 horas en el estacionamiento de la cadena comercia Chedraui, ubicado en la calzada Madero, en la zona poniente de la capital, en que una pareja habr\u00eda acudido a retirar un mill\u00f3n de pesos de una sucursal bancaria de BBVA.<\/p>\n\n\n\n<p>En el estacionamiento de la tienda, cuando se dispon\u00edan a retirarse, fueron atacados por lo menos por dos sujetos y supuestamente al resistirse al asalto, fueron agredidos a balazos.<\/p>\n\n\n\n<p>En el sitio qued\u00f3 una persona sin vida, mientras que una mujer fue atendida y trasladada por personal del Heroico Cuerpo de Bomberos  a un hospital de la ciudad; la v\u00edctima fatal fue identificada de manera preliminar como Carlos Alberto \u00abN\u00bb, empleado de una empresa constructora.<\/p>\n\n\n\n<p>Tras ello, la Secretar\u00eda de Protecci\u00f3n Ciudadana activ\u00f3 sus protocolos de seguridad e implement\u00f3 operativos de b\u00fasqueda, mientras que la Fiscal\u00eda General del Estado de Oaxaca investiga los hechos.<\/p>\n\n\n\n<p>Hasta el momento no hay mayores detalles del hecho delictivo y de manera preliminar se inform\u00f3 de una persona en calidad de presentada ante el Ministerio P\u00fablico y un taxi colectivo, de Reyes, Etla, asegurado, porque presuntamente habr\u00edan coadyuvado a la fuga de las v\u00edctimas.<\/p>\n\n\n\n<p>De acuerdo con im\u00e1genes de c\u00e1maras de seguridad, los dos presuntos delincuentes huyeron hacia la calle Ni\u00f1os H\u00e9roes, con rumbo hacia el crucero del monumento a la Madre, pero de ah\u00ed no hay mayores detalles.<\/p>\n\n\n\n<p>\u201cEl homicidio ocurrido en una tienda autoservicio de calzada Madero es un hecho lamentable que refuerza la necesidad de seguir fortaleciendo la seguridad en nuestra ciudad.&nbsp;<\/p>\n\n\n\n<p>\u201cComo resultado del trabajo coordinado entre el @GobOax y el @MunicipioOaxaca, una persona se encuentra en calidad de presentada ante las autoridades, luego de que su veh\u00edculo fuera utilizado por los presuntos responsables para huir del lugar.<\/p>\n\n\n\n<p>\u201cLas investigaciones contin\u00faan y se tiene plenamente identificados a los responsables del crimen. Las instancias de seguridad trabajan para dar con su paradero y llevarlos ante la justicia\u201d, inform\u00f3 el presidente municipal Raymundo Chagoya.<\/p>\n\n\n\n<figure class=\"wp-block-embed is-type-rich is-provider-twitter wp-block-embed-twitter\"><div class=\"wp-block-embed__wrapper\">\n<div class=\"twitter-tweet\"><blockquote class=\"twitter-tweet\" data-lang=\"es\"><p lang=\"es\" dir=\"ltr\"><a href=\"https:\/\/twitter.com\/hashtag\/%C3%9AltimoMinuto?src=hash&amp;ref_src=twsrc%5Etfw\">#\u00daltimoMinuto<\/a><br>Una persona fallecida y otra lesionada, saldo del ataque armado en el estacionamiento de Chedraui de la calzada Madero, ciudad de <a href=\"https:\/\/twitter.com\/hashtag\/Oaxaca?src=hash&amp;ref_src=twsrc%5Etfw\">#Oaxaca<\/a>. <br>Identifica la <a href=\"https:\/\/twitter.com\/SSPC_GobOax?ref_src=twsrc%5Etfw\">@SSPC_GobOax<\/a> a los probables agresores y los busca. <br>\u00bfY los operativos de la polic\u00eda del <a href=\"https:\/\/twitter.com\/MunicipioOaxaca?ref_src=twsrc%5Etfw\">@MunicipioOaxaca<\/a> que\u2026 <a href=\"https:\/\/t.co\/S6mCuKil5p\">pic.twitter.com\/S6mCuKil5p<\/a><\/p>&mdash; Zona Roja Oaxaca (@ZonaRoja_Oaxaca) <a href=\"https:\/\/twitter.com\/ZonaRoja_Oaxaca\/status\/1885432464895860897?ref_src=twsrc%5Etfw\">31 de enero de 2025<\/a><\/blockquote><\/div>\n<\/div><\/figure>\n","protected":false},"excerpt":{"rendered":"<p>Ismael Garc\u00eda M.\/Zona Roja. Oaxaca de Ju\u00e1rez, Oax., a 31 de enero de 2025.- Pese&hellip;<\/p>\n","protected":false},"author":2,"featured_media":77079,"comment_status":"closed","ping_status":"open","sticky":false,"template":"","format":"standard","meta":{"_lmt_disableupdate":"","_lmt_disable":"","_jetpack_memberships_contains_paid_content":false,"footnotes":""},"categories":[109,51],"tags":[148],"class_list":["post-77078","post","type-post","status-publish","format-standard","has-post-thumbnail","hentry","category-minuto-a-minuto","category-zona-roja","tag-oaxaca-de-juarez"],"jetpack_featured_media_url":"https:\/\/zonaroja.com.mx\/wp-content\/uploads\/2025\/01\/Asesinado-Chedraui-Madero.jpg","jetpack_sharing_enabled":true,"_links":{"self":[{"href":"https:\/\/zonaroja.com.mx\/index.php?rest_route=\/wp\/v2\/posts\/77078","targetHints":{"allow":["GET"]}}],"collection":[{"href":"https:\/\/zonaroja.com.mx\/index.php?rest_route=\/wp\/v2\/posts"}],"about":[{"href":"https:\/\/zonaroja.com.mx\/index.php?rest_route=\/wp\/v2\/types\/post"}],"author":[{"embeddable":true,"href":"https:\/\/zonaroja.com.mx\/index.php?rest_route=\/wp\/v2\/users\/2"}],"replies":[{"embeddable":true,"href":"https:\/\/zonaroja.com.mx\/index.php?rest_route=%2Fwp%2Fv2%2Fcomments&post=77078"}],"version-history":[{"count":1,"href":"https:\/\/zonaroja.com.mx\/index.php?rest_route=\/wp\/v2\/posts\/77078\/revisions"}],"predecessor-version":[{"id":77080,"href":"https:\/\/zonaroja.com.mx\/index.php?rest_route=\/wp\/v2\/posts\/77078\/revisions\/77080"}],"wp:featuredmedia":[{"embeddable":true,"href":"https:\/\/zonaroja.com.mx\/index.php?rest_route=\/wp\/v2\/media\/77079"}],"wp:attachment":[{"href":"https:\/\/zonaroja.com.mx\/index.php?rest_route=%2Fwp%2Fv2%2Fmedia&parent=77078"}],"wp:term":[{"taxonomy":"category","embeddable":true,"href":"https:\/\/zonaroja.com.mx\/index.php?rest_route=%2Fwp%2Fv2%2Fcategories&post=77078"},{"taxonomy":"post_tag","embeddable":true,"href":"https:\/\/zonaroja.com.mx\/index.php?rest_route=%2Fwp%2Fv2%2Ftags&post=77078"}],"curies":[{"name":"wp","href":"https:\/\/api.w.org\/{rel}","templated":true}]}}