{"id":77081,"date":"2025-01-31T19:33:37","date_gmt":"2025-02-01T01:33:37","guid":{"rendered":"https:\/\/zonaroja.com.mx\/?p=77081"},"modified":"2025-01-31T19:33:40","modified_gmt":"2025-02-01T01:33:40","slug":"dan-sentencia-de-112-anos-de-prision-a-dos-homicidas-en-oaxaca","status":"publish","type":"post","link":"https:\/\/zonaroja.com.mx\/?p=77081","title":{"rendered":"Dan sentencia de 112 a\u00f1os de prisi\u00f3n a dos homicidas en Oaxaca"},"content":{"rendered":"\n<p>Redacci\u00f3n\/Zona Roja.<\/p>\n\n\n\n<p>Oaxaca de Ju\u00e1rez, Oax., a 31 de enero de 2025.- Un hombre y una mujer, identificados como V\u00edctor M.G.P y Teresa M.A., fueron declarados responsables por los delitos de homicidio calificado con ventaja, tentativa de homicidio calificado y robo, y sentenciados en conjunto a 112 a\u00f1os de prisi\u00f3n.<\/p>\n\n\n\n<p>La Fiscal\u00eda General del Estado de Oaxaca (FGEO) inform\u00f3 que lo anterior es resultado de las investigaciones que realiz\u00f3 a trav\u00e9s de un equipo multidisciplinario, pruebas que fueron valoradas y avaladas por el juez de la causa.<\/p>\n\n\n\n<p>De acuerdo con lo asentado en los legajos de investigaci\u00f3n, los hechos ocurrieron el 22 de enero de 2021, cuando las v\u00edctimas -una mujer identificada como M.G.A y un menor de edad cuya identidad est\u00e1 reservada por ley- se encontraban en su domicilio ubicado en la agencia de polic\u00eda R\u00edo Nube del municipio de San Lorenzo Texmelucan, perteneciente al distrito de Sola de Vega.<\/p>\n\n\n\n<p>En ese lugar llegaron los sentenciados y con un machete y cuchillo, atacaron a las v\u00edctimas, privando de la vida a la mujer y lesionaron al menor de edad, para despu\u00e9s despojarlos de dinero en efectivo.<\/p>\n\n\n\n<p>Luego de que la FGEO tom\u00f3 conocimiento del caso, inici\u00f3 las investigaciones correspondientes a trav\u00e9s de la Vicefiscal\u00eda General de Control Regional, que permitieron obtener una orden de aprehensi\u00f3n y posteriormente la detenci\u00f3n de V\u00edctor M.G.P y Teresa M.A., quienes fueron presentados ante el Juez de la causa para su proceso legal correspondiente.<\/p>\n\n\n\n<p>Tras evaluar los datos de prueba aportados por la FGEO, el Tribunal de Enjuiciamiento dict\u00f3 sentencia condenatoria de 56 a\u00f1os de prisi\u00f3n en contra de cada uno de los responsables por los delitos de homicidio calificado con ventaja, tentativa de homicidio calificado y robo, ordenando el pago de una multa y la reparaci\u00f3n del da\u00f1o en abstracto.<\/p>\n","protected":false},"excerpt":{"rendered":"<p>Redacci\u00f3n\/Zona Roja. Oaxaca de Ju\u00e1rez, Oax., a 31 de enero de 2025.- Un hombre y&hellip;<\/p>\n","protected":false},"author":2,"featured_media":77082,"comment_status":"closed","ping_status":"open","sticky":false,"template":"","format":"standard","meta":{"_lmt_disableupdate":"","_lmt_disable":"","_jetpack_memberships_contains_paid_content":false,"footnotes":""},"categories":[109,46],"tags":[494],"class_list":["post-77081","post","type-post","status-publish","format-standard","has-post-thumbnail","hentry","category-minuto-a-minuto","category-zona-blanca","tag-fiscalia-general-del-estado-de-oaxaca"],"jetpack_featured_media_url":"https:\/\/zonaroja.com.mx\/wp-content\/uploads\/2025\/01\/Homicidas-Texmelucan.jpg","jetpack_sharing_enabled":true,"_links":{"self":[{"href":"https:\/\/zonaroja.com.mx\/index.php?rest_route=\/wp\/v2\/posts\/77081","targetHints":{"allow":["GET"]}}],"collection":[{"href":"https:\/\/zonaroja.com.mx\/index.php?rest_route=\/wp\/v2\/posts"}],"about":[{"href":"https:\/\/zonaroja.com.mx\/index.php?rest_route=\/wp\/v2\/types\/post"}],"author":[{"embeddable":true,"href":"https:\/\/zonaroja.com.mx\/index.php?rest_route=\/wp\/v2\/users\/2"}],"replies":[{"embeddable":true,"href":"https:\/\/zonaroja.com.mx\/index.php?rest_route=%2Fwp%2Fv2%2Fcomments&post=77081"}],"version-history":[{"count":1,"href":"https:\/\/zonaroja.com.mx\/index.php?rest_route=\/wp\/v2\/posts\/77081\/revisions"}],"predecessor-version":[{"id":77083,"href":"https:\/\/zonaroja.com.mx\/index.php?rest_route=\/wp\/v2\/posts\/77081\/revisions\/77083"}],"wp:featuredmedia":[{"embeddable":true,"href":"https:\/\/zonaroja.com.mx\/index.php?rest_route=\/wp\/v2\/media\/77082"}],"wp:attachment":[{"href":"https:\/\/zonaroja.com.mx\/index.php?rest_route=%2Fwp%2Fv2%2Fmedia&parent=77081"}],"wp:term":[{"taxonomy":"category","embeddable":true,"href":"https:\/\/zonaroja.com.mx\/index.php?rest_route=%2Fwp%2Fv2%2Fcategories&post=77081"},{"taxonomy":"post_tag","embeddable":true,"href":"https:\/\/zonaroja.com.mx\/index.php?rest_route=%2Fwp%2Fv2%2Ftags&post=77081"}],"curies":[{"name":"wp","href":"https:\/\/api.w.org\/{rel}","templated":true}]}}