{"id":77087,"date":"2025-01-31T21:39:59","date_gmt":"2025-02-01T03:39:59","guid":{"rendered":"https:\/\/zonaroja.com.mx\/?p=77087"},"modified":"2025-01-31T21:40:01","modified_gmt":"2025-02-01T03:40:01","slug":"atacan-a-balazos-a-comandante-de-la-fiscalia-en-culiacan-un-escolta-muerto","status":"publish","type":"post","link":"https:\/\/zonaroja.com.mx\/?p=77087","title":{"rendered":"Atacan a balazos a comandante de la Fiscal\u00eda en Culiac\u00e1n; un escolta muerto"},"content":{"rendered":"\n<p>Redacci\u00f3n\/Zona Roja Cdmx.<\/p>\n\n\n\n<p>Ciudad de M\u00e9xico, a 31 de enero de 2025.- Un alto mando de la Fiscal\u00eda General del Estado de Sinaloa fue atacado a balazos por un grupo armado en Culiac\u00e1n la ma\u00f1ana de este viernes 31 de enero.<\/p>\n\n\n\n<p>La dependencia estatal inform\u00f3 que uno de sus escoltas muri\u00f3 y el comandante se encuentra gravemente herido; est\u00e1 siendo atendido de emergencia en un hospital de la ciudad.<\/p>\n\n\n\n<p>Los hechos se reportaron a las 9:00 horas, cuando se registr\u00f3 una balacera en el bulevar Jes\u00fas Kumate, que es la salida de la autopista Culiac\u00e1n-Mazatl\u00e1n, esquina con la avenida de Las Torres, frente a las instalaciones de la Uni\u00f3n Ganadera Regional de Sinaloa.<\/p>\n\n\n\n<p>El comandante H\u00e9ctor Ricardo Acosta Valenzuela, conocido como \u201cEl R-3\u201d o \u201cComandante Canelo\u201d, viajaba en un autom\u00f3vil Sentra color blanco. En la esquina de las avenidas mencionadas, fue interceptado por el grupo armado, que le dispar\u00f3 en m\u00faltiples ocasiones.<\/p>\n\n\n\n<p>Tres de los escoltas resultaron heridos. Todos fueron llevados de emergencia al hospital, donde se reportan en estado grave. Uno de ellos muri\u00f3, identificado como Juan \u201cN\u201d, mientras los otros est\u00e1n siendo intervenidos de urgencia.<\/p>\n\n\n\n<p>En el lugar de los hechos quedaron esparcidos cientos de casquillos de armas largas y cortas, as\u00ed como el veh\u00edculo Sentra, que presentaba impactos de bala. A un costado se encontraba una camioneta de la Guardia Nacional, con el n\u00famero 25495, que cubr\u00eda las espaldas del comandante Canelo.<\/p>\n\n\n\n<p>Ayer jueves, se registraron 10 homicidios, entre los que destacaron los cinco civiles y dos militares, v\u00edctimas de un enfrentamiento en la sindicatura de Costa Rica, a 35 kil\u00f3metros al sur de Culiac\u00e1n.<\/p>\n\n\n\n<p>Este es el quinto atentado contra personal de seguridad estatal y federal.<\/p>\n\n\n\n<p>M\u00c1S CR\u00cdMENES<\/p>\n\n\n\n<p>En Sinaloa, una persecuci\u00f3n culmin\u00f3 ayer con un enfrentamiento a balazos entre elementos del Ej\u00e9rcito y un grupo armado, el cual dej\u00f3 como saldo dos militares sin vida y cinco delincuentes abatidos; otras dos personas fueron detenidas. Adem\u00e1s, se asegur\u00f3 armamento y cartuchos \u00fatiles.<\/p>\n\n\n\n<p>Adem\u00e1s, una familia, los esposos y un menor, resultaron heridos cuando abordaban un cami\u00f3n de jornaleros. Se presume que pudieron ser v\u00edctimas colaterales.<\/p>\n\n\n\n<p>Los hechos ocurrieron la tarde de este jueves 30 de enero, en las inmediaciones del Campo Victoria, perteneciente a la sindicatura de Costa Rica, a 35 kil\u00f3metros al sur de Culiac\u00e1n.<\/p>\n\n\n\n<p>Un helic\u00f3ptero de las fuerzas armadas acudi\u00f3 en auxilio de la milicia y recogi\u00f3 a los militares ca\u00eddos y algunos civiles heridos.<\/p>\n","protected":false},"excerpt":{"rendered":"<p>Redacci\u00f3n\/Zona Roja Cdmx. Ciudad de M\u00e9xico, a 31 de enero de 2025.- Un alto mando&hellip;<\/p>\n","protected":false},"author":2,"featured_media":77088,"comment_status":"closed","ping_status":"open","sticky":false,"template":"","format":"standard","meta":{"_lmt_disableupdate":"","_lmt_disable":"","_jetpack_memberships_contains_paid_content":false,"footnotes":""},"categories":[109,51],"tags":[1335],"class_list":["post-77087","post","type-post","status-publish","format-standard","has-post-thumbnail","hentry","category-minuto-a-minuto","category-zona-roja","tag-culiacan-sinaloa"],"jetpack_featured_media_url":"https:\/\/zonaroja.com.mx\/wp-content\/uploads\/2025\/01\/hector-ricardo-acosta-valenzuela-comandante-dela-fiscalia-atacado-a-balazos-en-culiacan.jpg","jetpack_sharing_enabled":true,"_links":{"self":[{"href":"https:\/\/zonaroja.com.mx\/index.php?rest_route=\/wp\/v2\/posts\/77087","targetHints":{"allow":["GET"]}}],"collection":[{"href":"https:\/\/zonaroja.com.mx\/index.php?rest_route=\/wp\/v2\/posts"}],"about":[{"href":"https:\/\/zonaroja.com.mx\/index.php?rest_route=\/wp\/v2\/types\/post"}],"author":[{"embeddable":true,"href":"https:\/\/zonaroja.com.mx\/index.php?rest_route=\/wp\/v2\/users\/2"}],"replies":[{"embeddable":true,"href":"https:\/\/zonaroja.com.mx\/index.php?rest_route=%2Fwp%2Fv2%2Fcomments&post=77087"}],"version-history":[{"count":1,"href":"https:\/\/zonaroja.com.mx\/index.php?rest_route=\/wp\/v2\/posts\/77087\/revisions"}],"predecessor-version":[{"id":77089,"href":"https:\/\/zonaroja.com.mx\/index.php?rest_route=\/wp\/v2\/posts\/77087\/revisions\/77089"}],"wp:featuredmedia":[{"embeddable":true,"href":"https:\/\/zonaroja.com.mx\/index.php?rest_route=\/wp\/v2\/media\/77088"}],"wp:attachment":[{"href":"https:\/\/zonaroja.com.mx\/index.php?rest_route=%2Fwp%2Fv2%2Fmedia&parent=77087"}],"wp:term":[{"taxonomy":"category","embeddable":true,"href":"https:\/\/zonaroja.com.mx\/index.php?rest_route=%2Fwp%2Fv2%2Fcategories&post=77087"},{"taxonomy":"post_tag","embeddable":true,"href":"https:\/\/zonaroja.com.mx\/index.php?rest_route=%2Fwp%2Fv2%2Ftags&post=77087"}],"curies":[{"name":"wp","href":"https:\/\/api.w.org\/{rel}","templated":true}]}}