{"id":7709,"date":"2020-01-15T14:00:12","date_gmt":"2020-01-15T20:00:12","guid":{"rendered":"https:\/\/www.zonaroja.com.mx\/?p=7709"},"modified":"2020-01-15T14:01:48","modified_gmt":"2020-01-15T20:01:48","slug":"comparecencias-inician-el-23-de-enero-postergan-a-sspo-pese-a-inseguridad","status":"publish","type":"post","link":"https:\/\/zonaroja.com.mx\/?p=7709","title":{"rendered":"Comparecencias inician\u00a0el 23 de enero; postergan a SSPO pese a inseguridad\u00a0"},"content":{"rendered":"\n<p class=\"MsoNormal\">Yuridiana Sosa\/Zona Roja<\/p>\n\n\n\n<p class=\"MsoNormal\">Oaxaca de Ju\u00e1rez, Oax., 15 de enero de 2020.- El pleno de la 64 Legislatura del Congreso del Estado aprob\u00f3 hoy con 32 votos el calendario de comparecencias de secretarios y directores del gabinete respecto al tercer informe de gobierno del mandatario Alejandro Murat, entregado en noviembre pasado, el cual se programa iniciar&nbsp;<a href=\"\/\/2\">el 23 de enero<\/a>&nbsp;y concluir&nbsp;<a href=\"\/\/3\">el 3 de febrero<\/a>.<\/p>\n\n\n\n<p class=\"MsoNormal\">A pesar de la situaci\u00f3n de inseguridad que prevalece en la entidad, los diputados acordaron que el secretario de Seguridad P\u00fablica de Oaxaca (SSPO), Ra\u00fal Ernesto Salcedo, se presente a rendir cuentas hasta la cuarta fecha programada, siendo el onceavo titular de los 17 que se presentar\u00e1n ante el Congreso de Oaxaca.<\/p>\n\n\n\n<p class=\"MsoNormal\">Las citas comenzar\u00e1n con el Instituto de Educaci\u00f3n P\u00fablica de Oaxaca (IEEPO), la Secretar\u00eda de las Infraestructuras y Ordenamiento Territorial Sustentable; Secretar\u00eda de Desarrollo Social y Humano.<\/p>\n\n\n\n<p class=\"MsoNormal\"><a href=\"\/\/4\">El 24 de enero<\/a>&nbsp;se espera la glosa &nbsp;de la Secretar\u00eda General de Gobierno (Segego), la Secretar\u00eda de Salud y Secretar\u00eda de las Culturas y Artes de Oaxaca; despu\u00e9s,&nbsp;<a href=\"\/\/5\">el 27 de enero<\/a>,&nbsp;Secretar\u00eda de Administraci\u00f3n; Contralor\u00eda y Transparencia Gubernamental y Secretar\u00eda de las Mujeres.<\/p>\n\n\n\n<p class=\"MsoNormal\">Para&nbsp;<a href=\"\/\/6\">el 30 de enero<\/a>&nbsp;se program\u00f3 la comparecencia para el director del Instituto Oaxaque\u00f1o Constructor de Infraestructura F\u00edsica Educativa; SSPO y Secretar\u00eda de Medio Ambiente, Energ\u00edas y Desarrollo Sustentable.<\/p>\n\n\n\n<p class=\"MsoNormal\">Los titulares de la Secretar\u00eda de Movilidad, Secretar\u00eda de Econom\u00eda y Secretar\u00eda de Turismo se presentar\u00e1n&nbsp;<a href=\"\/\/8\">el 31 de enero<\/a>,&nbsp;<a href=\"\/\/9\">y el 3 de febrero<\/a>la Secretar\u00eda de los Pueblos Ind\u00edgenas y Afromexicano y la Secretar\u00eda de Finanzas.<\/p>\n\n\n\n<p class=\"MsoNormal\">Los funcionarios tendr\u00e1n una primera intervenci\u00f3n de 20 minutos y otra m\u00e1s del mismo tiempo para responder a las preguntas de los diputados.<\/p>\n\n\n\n<p class=\"MsoNormal\">Se estableci\u00f3 que el grupo parlamentario de Morena podr\u00e1 realizar tres preguntas, mientras que un cuestionamiento para las bancadas del PRI, Partido del Trabajo, Encuentro social, Partido Verde Ecologista de M\u00e9xico, el grupo de Mujeres Independientes y PAN.&nbsp;<\/p>\n","protected":false},"excerpt":{"rendered":"<p>Yuridiana Sosa\/Zona Roja Oaxaca de Ju\u00e1rez, Oax., 15 de enero de 2020.- El pleno de&hellip;<\/p>\n","protected":false},"author":2,"featured_media":7708,"comment_status":"closed","ping_status":"open","sticky":false,"template":"","format":"standard","meta":{"_lmt_disableupdate":"","_lmt_disable":"","_jetpack_memberships_contains_paid_content":false,"footnotes":""},"categories":[109,47],"tags":[213],"class_list":["post-7709","post","type-post","status-publish","format-standard","has-post-thumbnail","hentry","category-minuto-a-minuto","category-zona-gris","tag-64-legislatura-de-oaxaca"],"jetpack_featured_media_url":"https:\/\/zonaroja.com.mx\/wp-content\/uploads\/2020\/01\/885b2095-083d-4622-8449-04742a419090-1.jpg","jetpack_sharing_enabled":true,"_links":{"self":[{"href":"https:\/\/zonaroja.com.mx\/index.php?rest_route=\/wp\/v2\/posts\/7709","targetHints":{"allow":["GET"]}}],"collection":[{"href":"https:\/\/zonaroja.com.mx\/index.php?rest_route=\/wp\/v2\/posts"}],"about":[{"href":"https:\/\/zonaroja.com.mx\/index.php?rest_route=\/wp\/v2\/types\/post"}],"author":[{"embeddable":true,"href":"https:\/\/zonaroja.com.mx\/index.php?rest_route=\/wp\/v2\/users\/2"}],"replies":[{"embeddable":true,"href":"https:\/\/zonaroja.com.mx\/index.php?rest_route=%2Fwp%2Fv2%2Fcomments&post=7709"}],"version-history":[{"count":1,"href":"https:\/\/zonaroja.com.mx\/index.php?rest_route=\/wp\/v2\/posts\/7709\/revisions"}],"predecessor-version":[{"id":7710,"href":"https:\/\/zonaroja.com.mx\/index.php?rest_route=\/wp\/v2\/posts\/7709\/revisions\/7710"}],"wp:featuredmedia":[{"embeddable":true,"href":"https:\/\/zonaroja.com.mx\/index.php?rest_route=\/wp\/v2\/media\/7708"}],"wp:attachment":[{"href":"https:\/\/zonaroja.com.mx\/index.php?rest_route=%2Fwp%2Fv2%2Fmedia&parent=7709"}],"wp:term":[{"taxonomy":"category","embeddable":true,"href":"https:\/\/zonaroja.com.mx\/index.php?rest_route=%2Fwp%2Fv2%2Fcategories&post=7709"},{"taxonomy":"post_tag","embeddable":true,"href":"https:\/\/zonaroja.com.mx\/index.php?rest_route=%2Fwp%2Fv2%2Ftags&post=7709"}],"curies":[{"name":"wp","href":"https:\/\/api.w.org\/{rel}","templated":true}]}}