{"id":77097,"date":"2025-02-01T08:30:00","date_gmt":"2025-02-01T14:30:00","guid":{"rendered":"https:\/\/zonaroja.com.mx\/?p=77097"},"modified":"2025-02-01T05:57:15","modified_gmt":"2025-02-01T11:57:15","slug":"mueren-seis-mexicanos-en-accidente-aereo-en-filadelfia-eu","status":"publish","type":"post","link":"https:\/\/zonaroja.com.mx\/?p=77097","title":{"rendered":"Mueren seis mexicanos en accidente a\u00e9reo en Filadelfia, EU"},"content":{"rendered":"\n<p>Redacci\u00f3n\/Zona Roja Cdmx.<\/p>\n\n\n\n<p>Ciudad de M\u00e9xico, a 1 de febrero de 2025.- De acuerdo con registros de la Secretar\u00eda de Infraestructura, Comunicaciones y Transportes (SICT), la aeronave que sufri\u00f3 un accidente ayer en Filadelfia pertenece a la empresa mexicana Med Jets S.A. de C.V.<\/p>\n\n\n\n<p>Informaci\u00f3n de la dependencia inca que la avioneta ofrec\u00eda servicios p\u00fablicos y su base de operaciones se encuentra en el Aeropuerto Internacional de Toluca.<\/p>\n\n\n\n<p>El avi\u00f3n Learjet 55 fabricado por Learjet, con matr\u00edcula definitiva XA-UCI fue registrado en noviembre de 2019 por la empresa.<\/p>\n\n\n\n<p>El mismo registro de la dependencia federal muestra que la firma posee al menos cinco aviones, de los cuales la mayor parte fueron fabricados por Learjet y tambi\u00e9n Embraer.<\/p>\n\n\n\n<p>\u201cLa Jornada\u201d consult\u00f3 a la SICT sobre si cuenta con informaci\u00f3n sobre el accidente, pero se\u00f1al\u00f3 que hasta el momento no tiene m\u00e1s datos.<\/p>\n\n\n\n<p>El accidente se produce despu\u00e9s de la colisi\u00f3n de esta semana entre un avi\u00f3n de American Airlines y un helic\u00f3ptero Black Hawk del ej\u00e9rcito estadunidense sobre Washington DC, que mat\u00f3 a 67 personas, en el accidente a\u00e9reo m\u00e1s mortal en Estados Unidos desde 2009.<\/p>\n\n\n\n<p>La Administraci\u00f3n Federal de Aviaci\u00f3n (FFA) indic\u00f3 que el accidente ocurri\u00f3 alrededor de las 18:30 horas de este viernes. Al menos una casa y varios coches estaban en llamas, y el tiempo era fr\u00edo y lluvioso, con poca visibilidad en el momento del accidente, inform\u00f3 inform\u00f3 el medio loca Philadelphia Inquirer.<\/p>\n\n\n\n<p>La FFA inform\u00f3 en un comunicaod que un Learjet 55 se estrell\u00f3 \u00abdespu\u00e9s de despegar del Aeropuerto del Noreste de Filadelfia. Hab\u00eda dos personas a bordo\u00bb, y a\u00f1adi\u00f3 que el avi\u00f3n se dirig\u00eda al Aeropuerto Nacional de Springfield-Branson en Missouri.<\/p>\n\n\n\n<p>Jet Rescue Air Ambulance es el servicio de ambulancia a\u00e9rea privado m\u00e1s grande de M\u00e9xico, que transporta pacientes por toda Am\u00e9rica del Norte y m\u00e1s all\u00e1, inform\u00f3 USA Today.<\/p>\n\n\n\n<p>Un portavoz de la compa\u00f1\u00eda Jet Rescue Air Ambulance inform\u00f3 que no hay sobrevivientes entre las personas que iban a bordo de la avioneta, que inclu\u00edan a cuatro miembros de la tripulaci\u00f3n (dos pilotos y dos m\u00e9dicos), una paciente y su acompa\u00f1ante. Por su parte Fox News inform\u00f3 que todas las personas que iban en la avioneta eran de nacionalidad mexicana.<\/p>\n\n\n\n<p>Seg\u00fan se precis\u00f3, el paciente era una ni\u00f1a que hab\u00eda llegado al pa\u00eds para recibir \u00abun tratamiento que le salvara la vida\u00bb y que iba de regreso a M\u00e9xico.<\/p>\n\n\n\n<p>(Informaci\u00f3n de agencias en \u201cLa Jornada\u201d)<\/p>\n","protected":false},"excerpt":{"rendered":"<p>Redacci\u00f3n\/Zona Roja Cdmx. Ciudad de M\u00e9xico, a 1 de febrero de 2025.- De acuerdo con&hellip;<\/p>\n","protected":false},"author":2,"featured_media":77098,"comment_status":"closed","ping_status":"open","sticky":false,"template":"","format":"standard","meta":{"_lmt_disableupdate":"","_lmt_disable":"","_jetpack_memberships_contains_paid_content":false,"footnotes":""},"categories":[109,47],"tags":[4184],"class_list":["post-77097","post","type-post","status-publish","format-standard","has-post-thumbnail","hentry","category-minuto-a-minuto","category-zona-gris","tag-accidente-aereo-filadelfia"],"jetpack_featured_media_url":"https:\/\/zonaroja.com.mx\/wp-content\/uploads\/2025\/02\/Accidente-aereo-Filadelfia.jpg","jetpack_sharing_enabled":true,"_links":{"self":[{"href":"https:\/\/zonaroja.com.mx\/index.php?rest_route=\/wp\/v2\/posts\/77097","targetHints":{"allow":["GET"]}}],"collection":[{"href":"https:\/\/zonaroja.com.mx\/index.php?rest_route=\/wp\/v2\/posts"}],"about":[{"href":"https:\/\/zonaroja.com.mx\/index.php?rest_route=\/wp\/v2\/types\/post"}],"author":[{"embeddable":true,"href":"https:\/\/zonaroja.com.mx\/index.php?rest_route=\/wp\/v2\/users\/2"}],"replies":[{"embeddable":true,"href":"https:\/\/zonaroja.com.mx\/index.php?rest_route=%2Fwp%2Fv2%2Fcomments&post=77097"}],"version-history":[{"count":1,"href":"https:\/\/zonaroja.com.mx\/index.php?rest_route=\/wp\/v2\/posts\/77097\/revisions"}],"predecessor-version":[{"id":77099,"href":"https:\/\/zonaroja.com.mx\/index.php?rest_route=\/wp\/v2\/posts\/77097\/revisions\/77099"}],"wp:featuredmedia":[{"embeddable":true,"href":"https:\/\/zonaroja.com.mx\/index.php?rest_route=\/wp\/v2\/media\/77098"}],"wp:attachment":[{"href":"https:\/\/zonaroja.com.mx\/index.php?rest_route=%2Fwp%2Fv2%2Fmedia&parent=77097"}],"wp:term":[{"taxonomy":"category","embeddable":true,"href":"https:\/\/zonaroja.com.mx\/index.php?rest_route=%2Fwp%2Fv2%2Fcategories&post=77097"},{"taxonomy":"post_tag","embeddable":true,"href":"https:\/\/zonaroja.com.mx\/index.php?rest_route=%2Fwp%2Fv2%2Ftags&post=77097"}],"curies":[{"name":"wp","href":"https:\/\/api.w.org\/{rel}","templated":true}]}}