{"id":77100,"date":"2025-02-01T10:30:00","date_gmt":"2025-02-01T16:30:00","guid":{"rendered":"https:\/\/zonaroja.com.mx\/?p=77100"},"modified":"2025-02-01T06:05:55","modified_gmt":"2025-02-01T12:05:55","slug":"detiene-fiscalia-a-individuo-acusado-de-violacion-vinculan-a-proceso-a-tres-delincuentes","status":"publish","type":"post","link":"https:\/\/zonaroja.com.mx\/?p=77100","title":{"rendered":"Detiene Fiscal\u00eda a individuo acusado de violaci\u00f3n; vinculan a proceso a tres delincuentes\u00a0"},"content":{"rendered":"\n<p>Redacci\u00f3n\/Zona Roja.<\/p>\n\n\n\n<p>Oaxaca de Ju\u00e1rez, Oax., a 1 de febrero de enero de 2025.- La Fiscal\u00eda General del Estado de Oaxaca (FGEO) dio cumplimiento a una orden de aprehensi\u00f3n en contra de una persona del sexo masculino identificada como F.G.A. o F.G.M., por el delito de violaci\u00f3n, hechos cometido en agravio de una adolescente en la regi\u00f3n de la Sierra de Flores Mag\u00f3n.<\/p>\n\n\n\n<p>De acuerdo con el expediente penal, la agresi\u00f3n sexual ocurri\u00f3 el 21 de julio de 2024, cuando la v\u00edctima (cuya identidad est\u00e1 protegida por ley) contaba con 13 a\u00f1os de edad y se encontraba en inmediaciones del municipio de San Juan Bautista Cuicatl\u00e1n.<\/p>\n\n\n\n<p>En el lugar, la v\u00edctima fue interceptada y agredida de manera sexual, conducta tipificada como el delito de violaci\u00f3n.<\/p>\n\n\n\n<p>Al tener conocimiento de los hechos derivado de la denuncia, la FGEO inici\u00f3 las investigaciones correspondientes a trav\u00e9s de la Vicefiscal\u00eda General de Control Regional, reuniendo las pruebas necesarias que permitieron obtener una orden de aprehensi\u00f3n y posterior detenci\u00f3n en contra de F.G.A. o F.G.M., la cual fue ejecutada por elementos de la Agencia Estatal de Investigaciones, quienes lo trasladaron ante la autoridad que lo requiri\u00f3 para resolver su situaci\u00f3n jur\u00eddica.<\/p>\n\n\n\n<p>DETENIDO EN LA CAPITAL<\/p>\n\n\n\n<p>En otro caso, la Fiscal\u00eda General del Estado obtuvo auto de Vinculaci\u00f3n a Proceso y prisi\u00f3n preventiva en contra de una persona del sexo masculino identificada como F.J.M.P., imputado por el delito de robo en veh\u00edculo en agravio de J.L.A.L.<\/p>\n\n\n\n<p>De acuerdo con lo establecido en el expediente penal, los hechos ocurrieron el 26 de enero de 2025, cuando sustrajeron una mochila con objetos de valor de un autom\u00f3vil que se encontraba estacionado sobre la calle de Matamoros, en el Centro de la ciudad de Oaxaca.<\/p>\n\n\n\n<p>La investigaci\u00f3n detalla que, tras los hechos, F.J.M.P fue detenido por elementos policiales en la misma calle, y puesto a disposici\u00f3n del Ministerio P\u00fablico.<\/p>\n\n\n\n<p>Al tomar conocimiento del caso, la FGEO -trav\u00e9s de la Vicefiscal\u00eda Regional de Valles Centrales- recab\u00f3 los indicios y lo llev\u00f3 ante el Juez quien comunic\u00f3 imputaci\u00f3n al detenido y conforme al desahogo de pruebas dict\u00f3 vinculaci\u00f3n a proceso en contra de F.J.M.P por el delito de Robo en perjuicio patrimonial de J.L.A.L., e impuso la medida cautelar de prisi\u00f3n preventiva justificada otorgando el plazo de un mes para el cierre de la investigaci\u00f3n complementaria.<\/p>\n\n\n\n<p>DOS POR HOMICIDIO<\/p>\n\n\n\n<p>Por otra parte, la instituci\u00f3n de procuraci\u00f3n de justicia obtuvo auto de vinculaci\u00f3n a proceso en contra de dos personas: una del sexo masculino identificada como L.F.L.C., y una mujer con iniciales L.L.P.M., por el delito de Homicidio Calificado con Ventaja en agravio de una persona, cometido en Santiago Pinotepa Nacional en la regi\u00f3n de la Costa.<\/p>\n\n\n\n<p>De acuerdo con lo asentado en el expediente penal del caso, los hechos ocurrieron el 10 de noviembre de 2024, cuando la v\u00edctima identificada como G.E.Z.C., se encontraba en su domicilio ubicado en la colonia El Porvenir del municipio de Santiago Pinotepa Nacional, lugar hasta donde llegaron los agresores que atacaron a la v\u00edctima con un objeto contundente (tubo o varilla) provoc\u00e1ndole lesiones que lo privaron de la vida.<\/p>\n\n\n\n<p>Tras estos hechos, la FGEO inici\u00f3 las investigaciones correspondientes que quedaron a cargo de la Vicefiscal\u00eda Regional de la Costa, logrando obtener una orden de aprehensi\u00f3n contra L.F.L.C. y L.L.P.M, quienes fueron detenidos y posteriormente presentados ante el juzgado que los requiri\u00f3 para iniciar su proceso legal.<\/p>\n\n\n\n<p>Una vez valorados los datos de prueba aportados por la FGEO, el Juez que atiende la causa determin\u00f3 vincular a proceso a L.F.L.C. y L.L.P.M, por el delito de Homicidio Calificado con Ventaja, adem\u00e1s de imponer la medida cautelar de prisi\u00f3n preventiva definitiva, otorgando el plazo de un mes para el cierre de investigaci\u00f3n complementaria.<\/p>\n\n\n\n<p>La Fiscal\u00eda General garantiza investigaciones exhaustivas para esclarecer delitos, aplicando las herramientas legales para castigar a quien o quienes resulten responsables.<\/p>\n","protected":false},"excerpt":{"rendered":"<p>Redacci\u00f3n\/Zona Roja. Oaxaca de Ju\u00e1rez, Oax., a 1 de febrero de enero de 2025.- La&hellip;<\/p>\n","protected":false},"author":2,"featured_media":71019,"comment_status":"closed","ping_status":"open","sticky":false,"template":"","format":"standard","meta":{"_lmt_disableupdate":"","_lmt_disable":"","_jetpack_memberships_contains_paid_content":false,"footnotes":""},"categories":[109,46],"tags":[494],"class_list":["post-77100","post","type-post","status-publish","format-standard","has-post-thumbnail","hentry","category-minuto-a-minuto","category-zona-blanca","tag-fiscalia-general-del-estado-de-oaxaca"],"jetpack_featured_media_url":"https:\/\/zonaroja.com.mx\/wp-content\/uploads\/2024\/08\/Detenido-3-aprehendido.jpeg","jetpack_sharing_enabled":true,"_links":{"self":[{"href":"https:\/\/zonaroja.com.mx\/index.php?rest_route=\/wp\/v2\/posts\/77100","targetHints":{"allow":["GET"]}}],"collection":[{"href":"https:\/\/zonaroja.com.mx\/index.php?rest_route=\/wp\/v2\/posts"}],"about":[{"href":"https:\/\/zonaroja.com.mx\/index.php?rest_route=\/wp\/v2\/types\/post"}],"author":[{"embeddable":true,"href":"https:\/\/zonaroja.com.mx\/index.php?rest_route=\/wp\/v2\/users\/2"}],"replies":[{"embeddable":true,"href":"https:\/\/zonaroja.com.mx\/index.php?rest_route=%2Fwp%2Fv2%2Fcomments&post=77100"}],"version-history":[{"count":1,"href":"https:\/\/zonaroja.com.mx\/index.php?rest_route=\/wp\/v2\/posts\/77100\/revisions"}],"predecessor-version":[{"id":77101,"href":"https:\/\/zonaroja.com.mx\/index.php?rest_route=\/wp\/v2\/posts\/77100\/revisions\/77101"}],"wp:featuredmedia":[{"embeddable":true,"href":"https:\/\/zonaroja.com.mx\/index.php?rest_route=\/wp\/v2\/media\/71019"}],"wp:attachment":[{"href":"https:\/\/zonaroja.com.mx\/index.php?rest_route=%2Fwp%2Fv2%2Fmedia&parent=77100"}],"wp:term":[{"taxonomy":"category","embeddable":true,"href":"https:\/\/zonaroja.com.mx\/index.php?rest_route=%2Fwp%2Fv2%2Fcategories&post=77100"},{"taxonomy":"post_tag","embeddable":true,"href":"https:\/\/zonaroja.com.mx\/index.php?rest_route=%2Fwp%2Fv2%2Ftags&post=77100"}],"curies":[{"name":"wp","href":"https:\/\/api.w.org\/{rel}","templated":true}]}}