{"id":77102,"date":"2025-02-01T11:05:00","date_gmt":"2025-02-01T17:05:00","guid":{"rendered":"https:\/\/zonaroja.com.mx\/?p=77102"},"modified":"2025-02-01T06:13:13","modified_gmt":"2025-02-01T12:13:13","slug":"en-zona-mixe-de-oaxaca-reportan-16-personas-desaparecidas","status":"publish","type":"post","link":"https:\/\/zonaroja.com.mx\/?p=77102","title":{"rendered":"En zona Mixe de Oaxaca reportan 16 personas desaparecidas"},"content":{"rendered":"\n<p>Ismael Garc\u00eda M.\/Zona Roja.<\/p>\n\n\n\n<p>Oaxaca de Ju\u00e1rez, Oax., 1 de febrero de 2025.- La asociaci\u00f3n civil Consorcio Oaxaca report\u00f3 que, a dos a\u00f1os dos meses del actual sexenio, en el distrito Mixe se tiene el registro de 16 mujeres desaparecidas.<\/p>\n\n\n\n<p>Entre ellas se encuentra Sandra Est\u00e9fana Dom\u00ednguez, quien fue vista por \u00faltima vez el 4 de octubre de 2024, junto con su pareja Alexander Hern\u00e1ndez, en Mar\u00eda Lombardo, San Juan Cotzoc\u00f3n Mixe.<\/p>\n\n\n\n<p>En ese contexto, el organismo civil se sum\u00f3 a la exigencia de justicia para las se\u00f1oras Elo\u00edsa \u201cN\u201d y Aquilina \u201cN\u201d, v\u00edctimas de feminicidio el pasado 24 de enero, en San Jos\u00e9 Chinantequilla, municipio de Totontepec Villa de Morelos.<\/p>\n\n\n\n<p>\u201cInstamos a las autoridades correspondientes a fortalecer el tejido comunitario y garantizar la vida y la seguridad de las mujeres en su regi\u00f3n\u201d, destac\u00f3 en un breve comunicado.<\/p>\n\n\n\n<p>Insisti\u00f3 adem\u00e1s en que se agilicen los procesos de b\u00fasqueda con la finalidad de dar con el paradero de las v\u00edctimas.<\/p>\n\n\n\n<p>Apenas el pasado jueves, la dirigente de Consorcio lament\u00f3 el desinter\u00e9s de la Defensor\u00eda de los Derechos Humanos del Pueblo de Oaxaca (DDHPO) a los casos de feminicidio y desaparici\u00f3n de mujeres.<\/p>\n\n\n\n<p>Asimismo, de los incumplimientos y el trabajo negligente de la Comisi\u00f3n Estatal de B\u00fasqueda de Personas y la Comisi\u00f3n Estatal de V\u00edctimas, por no aplicar todos los protocolos a favor tambi\u00e9n de las v\u00edctimas.<\/p>\n\n\n\n<p>Sobre el caso de Sandra Dom\u00ednguez, el pasado mi\u00e9rcoles se registr\u00f3 un enfrentamiento en una comunidad de Veracruz, l\u00edmites con Oaxaca, cuando agentes federales y estatales acud\u00edan a detener a los probables secuestradores de la joven abogada y su pareja.<\/p>\n\n\n\n<p>El saldo fue de tres presuntos delincuentes abatidos y un elemento federal de la Comisi\u00f3n Nacional de B\u00fasqueda que muri\u00f3 en un hospital de Tuxtepec tras ser agredido de bala en los hechos.<\/p>\n","protected":false},"excerpt":{"rendered":"<p>Ismael Garc\u00eda M.\/Zona Roja. Oaxaca de Ju\u00e1rez, Oax., 1 de febrero de 2025.- La asociaci\u00f3n&hellip;<\/p>\n","protected":false},"author":2,"featured_media":77092,"comment_status":"closed","ping_status":"open","sticky":false,"template":"","format":"standard","meta":{"_lmt_disableupdate":"","_lmt_disable":"","_jetpack_memberships_contains_paid_content":false,"footnotes":""},"categories":[109,47],"tags":[548],"class_list":["post-77102","post","type-post","status-publish","format-standard","has-post-thumbnail","hentry","category-minuto-a-minuto","category-zona-gris","tag-consorcio-oaxaca"],"jetpack_featured_media_url":"https:\/\/zonaroja.com.mx\/wp-content\/uploads\/2025\/01\/Desapariciones-Consorcio-zona-Mixe.jpg","jetpack_sharing_enabled":true,"_links":{"self":[{"href":"https:\/\/zonaroja.com.mx\/index.php?rest_route=\/wp\/v2\/posts\/77102","targetHints":{"allow":["GET"]}}],"collection":[{"href":"https:\/\/zonaroja.com.mx\/index.php?rest_route=\/wp\/v2\/posts"}],"about":[{"href":"https:\/\/zonaroja.com.mx\/index.php?rest_route=\/wp\/v2\/types\/post"}],"author":[{"embeddable":true,"href":"https:\/\/zonaroja.com.mx\/index.php?rest_route=\/wp\/v2\/users\/2"}],"replies":[{"embeddable":true,"href":"https:\/\/zonaroja.com.mx\/index.php?rest_route=%2Fwp%2Fv2%2Fcomments&post=77102"}],"version-history":[{"count":1,"href":"https:\/\/zonaroja.com.mx\/index.php?rest_route=\/wp\/v2\/posts\/77102\/revisions"}],"predecessor-version":[{"id":77103,"href":"https:\/\/zonaroja.com.mx\/index.php?rest_route=\/wp\/v2\/posts\/77102\/revisions\/77103"}],"wp:featuredmedia":[{"embeddable":true,"href":"https:\/\/zonaroja.com.mx\/index.php?rest_route=\/wp\/v2\/media\/77092"}],"wp:attachment":[{"href":"https:\/\/zonaroja.com.mx\/index.php?rest_route=%2Fwp%2Fv2%2Fmedia&parent=77102"}],"wp:term":[{"taxonomy":"category","embeddable":true,"href":"https:\/\/zonaroja.com.mx\/index.php?rest_route=%2Fwp%2Fv2%2Fcategories&post=77102"},{"taxonomy":"post_tag","embeddable":true,"href":"https:\/\/zonaroja.com.mx\/index.php?rest_route=%2Fwp%2Fv2%2Ftags&post=77102"}],"curies":[{"name":"wp","href":"https:\/\/api.w.org\/{rel}","templated":true}]}}