{"id":77104,"date":"2025-02-01T12:13:00","date_gmt":"2025-02-01T18:13:00","guid":{"rendered":"https:\/\/zonaroja.com.mx\/?p=77104"},"modified":"2025-02-01T06:17:26","modified_gmt":"2025-02-01T12:17:26","slug":"aseguran-los-servicios-de-salud-que-no-han-restado-campos-clinicos-a-la-uabjo","status":"publish","type":"post","link":"https:\/\/zonaroja.com.mx\/?p=77104","title":{"rendered":"Aseguran los Servicios de Salud que no han restado campos cl\u00ednicos a la UABJO"},"content":{"rendered":"\n<p>Redacci\u00f3n\/Zona Roja.&nbsp;<\/p>\n\n\n\n<p>Oaxaca de Ju\u00e1rez, Oax., a 1 de febrero de 2025.- La directora de Ense\u00f1anza y Calidad de los Servicios de Salud de Oaxaca (SSO), Christell G\u00f3mez Navarro, aclar\u00f3 que no se han restado ninguno de los 70 campos cl\u00ednicos asignados a la Universidad Aut\u00f3noma \u201cBenito Ju\u00e1rez\u201d de Oaxaca (UABJO), ni se han vulnerado los derechos de sus estudiantes.<\/p>\n\n\n\n<p>En un comunicado, el gobierno estatal destac\u00f3 el compromiso de garantizar igualdad de oportunidades en la formaci\u00f3n m\u00e9dica y que el Hospital General \u201cDr. Aurelio Valdivieso\u201d del IMSS-Bienestar se mantiene como una instituci\u00f3n de excelencia acad\u00e9mica, donde todas y todos los estudiantes pueden acceder a sus campos cl\u00ednicos de acuerdo con su desempe\u00f1o acad\u00e9mico, sin importar su universidad de origen.<\/p>\n\n\n\n<p>Precis\u00f3 que, a partir del 1 de enero de 2025 se otorgaron cinco nuevos campos cl\u00ednicos a internos m\u00e9dicos de pregrado de la Universidad del Bienestar \u201cBenito Ju\u00e1rez Garc\u00eda\u201d, campus Oaxaca, en cumplimiento a los criterios de inclusi\u00f3n y equidad en la ense\u00f1anza m\u00e9dica.<\/p>\n\n\n\n<p>G\u00f3mez Navarro record\u00f3 que, desde 1861 un decreto del entonces Presidente Benito Ju\u00e1rez Garc\u00eda estableci\u00f3 al Hospital \u201cDr. Aurelio Valdivieso\u201d como un \u00e1rea de pr\u00e1ctica m\u00e9dica, sin exclusividad para ninguna instituci\u00f3n.<\/p>\n\n\n\n<p>En 2022, con la transferencia de la red hospitalaria del Gobierno del Estado de Oaxaca al Gobierno Federal a trav\u00e9s de IMSS-Bienestar, se implementaron nuevas din\u00e1micas de ense\u00f1anza que garantizan una formaci\u00f3n de calidad, accesible y equitativa, prohibiendo toda forma de discriminaci\u00f3n en el acceso a la educaci\u00f3n m\u00e9dica.<\/p>\n\n\n\n<p>La dependencia reconoci\u00f3 la hist\u00f3rica vinculaci\u00f3n con la UABJO en la formaci\u00f3n de profesionales de la salud, un v\u00ednculo que ha sido fundamental desde hace m\u00e1s de 160 a\u00f1os.<\/p>\n\n\n\n<p>Reiter\u00f3 su compromiso de fortalecer la ense\u00f1anza m\u00e9dica, asegurando que los espacios de formaci\u00f3n contin\u00faen brindando las mejores condiciones para las y los futuros profesionales de la salud, maximizando el beneficio social de los recursos disponibles.<\/p>\n","protected":false},"excerpt":{"rendered":"<p>Redacci\u00f3n\/Zona Roja.&nbsp; Oaxaca de Ju\u00e1rez, Oax., a 1 de febrero de 2025.- La directora de&hellip;<\/p>\n","protected":false},"author":2,"featured_media":76287,"comment_status":"closed","ping_status":"open","sticky":false,"template":"","format":"standard","meta":{"_lmt_disableupdate":"","_lmt_disable":"","_jetpack_memberships_contains_paid_content":false,"footnotes":""},"categories":[109,47],"tags":[781],"class_list":["post-77104","post","type-post","status-publish","format-standard","has-post-thumbnail","hentry","category-minuto-a-minuto","category-zona-gris","tag-hospital-civil-dr-aurelio-valdivieso-de-oaxaca"],"jetpack_featured_media_url":"https:\/\/zonaroja.com.mx\/wp-content\/uploads\/2025\/01\/Hospital-Civil-Oaxaca.jpg","jetpack_sharing_enabled":true,"_links":{"self":[{"href":"https:\/\/zonaroja.com.mx\/index.php?rest_route=\/wp\/v2\/posts\/77104","targetHints":{"allow":["GET"]}}],"collection":[{"href":"https:\/\/zonaroja.com.mx\/index.php?rest_route=\/wp\/v2\/posts"}],"about":[{"href":"https:\/\/zonaroja.com.mx\/index.php?rest_route=\/wp\/v2\/types\/post"}],"author":[{"embeddable":true,"href":"https:\/\/zonaroja.com.mx\/index.php?rest_route=\/wp\/v2\/users\/2"}],"replies":[{"embeddable":true,"href":"https:\/\/zonaroja.com.mx\/index.php?rest_route=%2Fwp%2Fv2%2Fcomments&post=77104"}],"version-history":[{"count":1,"href":"https:\/\/zonaroja.com.mx\/index.php?rest_route=\/wp\/v2\/posts\/77104\/revisions"}],"predecessor-version":[{"id":77105,"href":"https:\/\/zonaroja.com.mx\/index.php?rest_route=\/wp\/v2\/posts\/77104\/revisions\/77105"}],"wp:featuredmedia":[{"embeddable":true,"href":"https:\/\/zonaroja.com.mx\/index.php?rest_route=\/wp\/v2\/media\/76287"}],"wp:attachment":[{"href":"https:\/\/zonaroja.com.mx\/index.php?rest_route=%2Fwp%2Fv2%2Fmedia&parent=77104"}],"wp:term":[{"taxonomy":"category","embeddable":true,"href":"https:\/\/zonaroja.com.mx\/index.php?rest_route=%2Fwp%2Fv2%2Fcategories&post=77104"},{"taxonomy":"post_tag","embeddable":true,"href":"https:\/\/zonaroja.com.mx\/index.php?rest_route=%2Fwp%2Fv2%2Ftags&post=77104"}],"curies":[{"name":"wp","href":"https:\/\/api.w.org\/{rel}","templated":true}]}}