{"id":77109,"date":"2025-02-01T13:20:00","date_gmt":"2025-02-01T19:20:00","guid":{"rendered":"https:\/\/zonaroja.com.mx\/?p=77109"},"modified":"2025-02-01T06:23:07","modified_gmt":"2025-02-01T12:23:07","slug":"opinion-oaxaca-la-oposicion-frente-al-espejo","status":"publish","type":"post","link":"https:\/\/zonaroja.com.mx\/?p=77109","title":{"rendered":"Opini\u00f3n. Oaxaca: la oposici\u00f3n frente al espejo"},"content":{"rendered":"\n<p>Adrian Ortiz Romero*<\/p>\n\n\n\n<p>Hoy las fuerzas de oposici\u00f3n en Oaxaca se quejan amargamente de que el oficialismo intenta desaparecerlos. Nada m\u00e1s alejado de la realidad, cuando en realidad han sido los propios partidos PAN, PRI, PRD, y dem\u00e1s, los que han sido por dem\u00e1s eficaces cometiendo el partidicidio m\u00e1s atroz de los \u00faltimos tiempos en la entidad.&nbsp;<\/p>\n\n\n\n<p>El quebranto del que se duelen, en el fondo, es el que ellos mismos han cometido en contra de la democracia, de la ciudadan\u00eda, de la pluralidad, y de eso que antes se denominaba \u201cdivisi\u00f3n de poderes\u201d.<\/p>\n\n\n\n<p>En efecto, en t\u00e9rminos reales la presencia de las fuerzas opositoras en la entidad \u2014o el espejismo de ellas\u2014 se aprecia con claridad en la integraci\u00f3n de la 66 Legislatura del Estado. Ah\u00ed existen s\u00f3lo un diputado del PRI y una legisladora de Movimiento Ciudadano (ambos electos por la v\u00eda plurinominal) que podr\u00edan considerarse como opositores.&nbsp;<\/p>\n\n\n\n<p>De ah\u00ed en fuera, tanto los integrantes del grupo parlamentario de Fuerza por Oaxaca, Partido del Trabajo, Partido Verde Ecologista de M\u00e9xico y hasta el llamado Grupo Plural (integrado por los diputados Mauro Cruz S\u00e1nchez, la ex panista Antonia Natividad D\u00edaz Jim\u00e9nez y la ex priista Lizbeth Concha Ojeda) son, en t\u00e9rminos reales, sat\u00e9lites al servicio de la aplanadora de Morena que, por s\u00ed solo, cuenta con los 28 votos necesarios para realizar reformas constitucionales en Oaxaca, de acuerdo con el art\u00edculo 141 de la Constituci\u00f3n del Estado.<\/p>\n\n\n\n<p>En este escenario, la oposici\u00f3n se dice v\u00edctima de una redada para exterminarla. \u00bfEs esto realidad? Parece que, m\u00e1s bien, est\u00e1n viendo sin querer ver. Porque lamentablemente est\u00e1n intentando acusar al oficialismo de lo que ellos mismos han sido omisos en hacer. \u00bfHacer qu\u00e9? De entrada, identificarse con la ciudadan\u00eda en alguna causa de fondo.&nbsp;<\/p>\n\n\n\n<p>Tanto al priista Javier Casique, como a la ex panista Garc\u00eda Morl\u00e1n se les olvida que cuando unos y otros pertenec\u00edan a partidos mayoritarios, hab\u00eda una minor\u00eda \u2014muchos de los que ahora militan en Morena y son parte del gobierno de Salom\u00f3n Jara\u2014 que sab\u00eda identificarse con alguna causa y hacer presencia a\u00fan en la modestia de sus representaciones de aquel entonces.&nbsp;<\/p>\n\n\n\n<p>Hoy en d\u00eda, lamentablemente, las fuerzas minoritarias parecen no s\u00f3lo arrinconadas por la mayor\u00eda aplastante que dispone a placer en el Poder Legislativo, sino sobre todo por su ausencia total del sentido de la ubicaci\u00f3n ahora como fuerzas menores.&nbsp;<\/p>\n\n\n\n<p>Podr\u00edan ser dos o tres diputados en la Legislatura, pero tener una presencia consistente y gozar del respeto de un sector de la ciudadan\u00eda que pudiera sentirse identificados con ellos. No se duda que siga existiendo una militancia o simpatizantes del PRI en la entidad.&nbsp;<\/p>\n\n\n\n<p>Pero, \u00bfesos ciudadanos se sienten identificados por lo que representa Javier Casique Z\u00e1rate en la Legislatura, o lo que representa Alejandro Moreno C\u00e1rdenas en la dirigencia nacional priista?&nbsp;<\/p>\n\n\n\n<p>Algo similar ocurre con Alejandra Garc\u00eda Morl\u00e1n. No s\u00f3lo ella, sino en general Movimiento Ciudadano perdieron en 2022 la enorme oportunidad de convertirse en la alternativa opositora.&nbsp;<\/p>\n\n\n\n<p>Tuvieron por primera vez un candidato presidencial que parad\u00f3jicamente conect\u00f3 perfecto con sectores de la poblaci\u00f3n que tienen poco inter\u00e9s en la pol\u00edtica \u2014lo mejor de su campa\u00f1a fue el jingle musical de su abanderado presidencial\u2014; pero que eso no lo pudo capitalizar en una presencia pol\u00edtica m\u00e1s consistente. Los resultados de MC a nivel pa\u00eds est\u00e1n a la vista.&nbsp;<\/p>\n\n\n\n<p>Y Garc\u00eda Morl\u00e1n se qued\u00f3 justo en medio de esa enrarecida posici\u00f3n en la que ni ellos tienen claro qu\u00e9 causas o a qu\u00e9 sectores sociales representan.&nbsp;<\/p>\n\n\n\n<p>Al final, queda claro que sin derroteros claros, sin el respeto de la ciudadan\u00eda y sin una posici\u00f3n m\u00e1s digna frente al ejercicio de la pol\u00edtica, las fuerzas opositoras en realidad le han ahorrado el trabajo al oficialismo respecto a su propio exterminio. Se resisten a verse frente al espejo, porque perfectamente saben que tendr\u00e1n frente a sus ojos el escenario de devastaci\u00f3n que se siguen resistiendo a reconocer.<\/p>\n\n\n\n<p><blockquote class=\"wp-embedded-content\" data-secret=\"gMNAp794Ve\"><a href=\"https:\/\/columnaalmargen.mx\/\">P\u00e1gina de Inicio<\/a><\/blockquote><iframe class=\"wp-embedded-content\" sandbox=\"allow-scripts\" security=\"restricted\" style=\"position: absolute; clip: rect(1px, 1px, 1px, 1px);\" title=\"&#8220;P\u00e1gina de Inicio&#8221; &#8212; Columna Al Margen\" src=\"https:\/\/columnaalmargen.mx\/embed\/#?secret=gKakiPh9Io#?secret=gMNAp794Ve\" data-secret=\"gMNAp794Ve\" width=\"600\" height=\"338\" frameborder=\"0\" marginwidth=\"0\" marginheight=\"0\" scrolling=\"no\"><\/iframe><\/p>\n\n\n\n<p>@columnaalmargen<\/p>\n\n\n\n<p>@ortizromeroc<\/p>\n","protected":false},"excerpt":{"rendered":"<p>Adrian Ortiz Romero* Hoy las fuerzas de oposici\u00f3n en Oaxaca se quejan amargamente de que&hellip;<\/p>\n","protected":false},"author":2,"featured_media":67896,"comment_status":"closed","ping_status":"open","sticky":false,"template":"","format":"standard","meta":{"_lmt_disableupdate":"","_lmt_disable":"","_jetpack_memberships_contains_paid_content":false,"footnotes":""},"categories":[456,109],"tags":[2994],"class_list":["post-77109","post","type-post","status-publish","format-standard","has-post-thumbnail","hentry","category-columna","category-minuto-a-minuto","tag-adrian-ortiz-romero-cuevas"],"jetpack_featured_media_url":"https:\/\/zonaroja.com.mx\/wp-content\/uploads\/2024\/05\/Opinion-Adrian-Ortiz-Romero-Zona-Roja.jpeg","jetpack_sharing_enabled":true,"_links":{"self":[{"href":"https:\/\/zonaroja.com.mx\/index.php?rest_route=\/wp\/v2\/posts\/77109","targetHints":{"allow":["GET"]}}],"collection":[{"href":"https:\/\/zonaroja.com.mx\/index.php?rest_route=\/wp\/v2\/posts"}],"about":[{"href":"https:\/\/zonaroja.com.mx\/index.php?rest_route=\/wp\/v2\/types\/post"}],"author":[{"embeddable":true,"href":"https:\/\/zonaroja.com.mx\/index.php?rest_route=\/wp\/v2\/users\/2"}],"replies":[{"embeddable":true,"href":"https:\/\/zonaroja.com.mx\/index.php?rest_route=%2Fwp%2Fv2%2Fcomments&post=77109"}],"version-history":[{"count":1,"href":"https:\/\/zonaroja.com.mx\/index.php?rest_route=\/wp\/v2\/posts\/77109\/revisions"}],"predecessor-version":[{"id":77110,"href":"https:\/\/zonaroja.com.mx\/index.php?rest_route=\/wp\/v2\/posts\/77109\/revisions\/77110"}],"wp:featuredmedia":[{"embeddable":true,"href":"https:\/\/zonaroja.com.mx\/index.php?rest_route=\/wp\/v2\/media\/67896"}],"wp:attachment":[{"href":"https:\/\/zonaroja.com.mx\/index.php?rest_route=%2Fwp%2Fv2%2Fmedia&parent=77109"}],"wp:term":[{"taxonomy":"category","embeddable":true,"href":"https:\/\/zonaroja.com.mx\/index.php?rest_route=%2Fwp%2Fv2%2Fcategories&post=77109"},{"taxonomy":"post_tag","embeddable":true,"href":"https:\/\/zonaroja.com.mx\/index.php?rest_route=%2Fwp%2Fv2%2Ftags&post=77109"}],"curies":[{"name":"wp","href":"https:\/\/api.w.org\/{rel}","templated":true}]}}