{"id":7711,"date":"2020-01-15T18:32:14","date_gmt":"2020-01-16T00:32:14","guid":{"rendered":"http:\/\/www.zonaroja.com.mx\/?p=7711"},"modified":"2020-01-15T18:32:18","modified_gmt":"2020-01-16T00:32:18","slug":"modifica-amlo-agenda-visitara-solo-tres-municipios-uno-por-dia","status":"publish","type":"post","link":"https:\/\/zonaroja.com.mx\/?p=7711","title":{"rendered":"Modifica AMLO agenda; visitar\u00e1 s\u00f3lo tres municipios, uno por d\u00eda"},"content":{"rendered":"\n<p>Evlin\nArag\u00f3n\/Zona Roja.<\/p>\n\n\n\n<p>Oaxaca de\nJu\u00e1rez, Oax., 15 de enero de 2020.- Ante posibles protestas en algunas\ncomunidades de la Sierra Ju\u00e1rez, la Presidencia de la Rep\u00fablica modific\u00f3 la\nagenda del mandatario Andr\u00e9s Manuel L\u00f3pez Obrador por Oaxaca.<\/p>\n\n\n\n<p>Las\ncomunidades de San Antonio Sinicahua, Santos Reyes Yucun\u00e1 y Santo Domingo\nXagac\u00eda ser\u00e1n las que visitar\u00e1 el Presidente de M\u00e9xico este fin de semana, en\nla primera gira que realizar\u00e1 a territorio oaxaque\u00f1o este 2020.<\/p>\n\n\n\n<p>En el caso\nde la Santos Reyes Yucun\u00e1 la comunidad se encuentra lista para recibir a la\ncomitiva presidencial, que inaugurar\u00e1 el camino hidr\u00e1ulico artesanal que\nconecta a la cabecera municipal, el cual se consolid\u00f3 con el apoyo de la\nfederaci\u00f3n a trav\u00e9s del Programa de Pavimentaci\u00f3n de Caminos a Cabeceras\nMunicipales.<\/p>\n\n\n\n<p>\u201cHay j\u00fabilo\nentre los pobladores, se preparan para la gran fiesta y encuentro con el Presidente\nde la Rep\u00fablica para el d\u00eda s\u00e1bado. Adornar\u00e1n el escenario con una planta de la\nregi\u00f3n conocida como cucharilla, pues es la forma de hacer fiesta y agradecer\nel apoyo de la federaci\u00f3n\u201d, cita el usuario de Facebook, Jer\u00f3nimo L\u00f3pez.<\/p>\n\n\n\n<p>De acuerdo\ncon lo expuesto previamente por la delegaci\u00f3n estatal de Programas para el\nDesarrollo en el Estado de Oaxaca, ser\u00e1n cinco caminos carreteros de los 50 que\nse proyectaron en la entidad los que se inauguraran durante este fin de semana.<\/p>\n\n\n\n<p>As\u00ed mismo,\nel Instituto Nacional de los Pueblos Ind\u00edgenas (INPI), dio a conocer el inicio\nde los di\u00e1logos entre la presidencia y las comunidades originarias que tambi\u00e9n\nse llevar\u00e1 a cabo en territorio oaxaque\u00f1o y en el marco de la visita de L\u00f3pez\nObrador.<\/p>\n\n\n\n<p>A trav\u00e9s de\nun documento oficial se convoc\u00f3 a las autoridades y pobladores de las\ncomunidades ind\u00edgenas del pueblo Mixe a participar en el di\u00e1logo propuesto por\nel mandatario federal para conocer las realidades y aspiraciones de vida de los\npueblos originarios del pa\u00eds, as\u00ed como las soluciones y alternativas que se\nest\u00e1n planteando ante las diferentes problem\u00e1ticas que enfrentan. <\/p>\n\n\n\n<p>No obstante,\nesta actividad fue retirada de la agenda presidencial.<\/p>\n","protected":false},"excerpt":{"rendered":"<p>Evlin Arag\u00f3n\/Zona Roja. Oaxaca de Ju\u00e1rez, Oax., 15 de enero de 2020.- Ante posibles protestas&hellip;<\/p>\n","protected":false},"author":2,"featured_media":7712,"comment_status":"closed","ping_status":"open","sticky":false,"template":"","format":"standard","meta":{"_lmt_disableupdate":"","_lmt_disable":"","_jetpack_memberships_contains_paid_content":false,"footnotes":""},"categories":[109,46],"tags":[143],"class_list":["post-7711","post","type-post","status-publish","format-standard","has-post-thumbnail","hentry","category-minuto-a-minuto","category-zona-blanca","tag-andres-manuel-lopez-obrador"],"jetpack_featured_media_url":"https:\/\/zonaroja.com.mx\/wp-content\/uploads\/2020\/01\/IMG_8252.jpg","jetpack_sharing_enabled":true,"_links":{"self":[{"href":"https:\/\/zonaroja.com.mx\/index.php?rest_route=\/wp\/v2\/posts\/7711","targetHints":{"allow":["GET"]}}],"collection":[{"href":"https:\/\/zonaroja.com.mx\/index.php?rest_route=\/wp\/v2\/posts"}],"about":[{"href":"https:\/\/zonaroja.com.mx\/index.php?rest_route=\/wp\/v2\/types\/post"}],"author":[{"embeddable":true,"href":"https:\/\/zonaroja.com.mx\/index.php?rest_route=\/wp\/v2\/users\/2"}],"replies":[{"embeddable":true,"href":"https:\/\/zonaroja.com.mx\/index.php?rest_route=%2Fwp%2Fv2%2Fcomments&post=7711"}],"version-history":[{"count":1,"href":"https:\/\/zonaroja.com.mx\/index.php?rest_route=\/wp\/v2\/posts\/7711\/revisions"}],"predecessor-version":[{"id":7713,"href":"https:\/\/zonaroja.com.mx\/index.php?rest_route=\/wp\/v2\/posts\/7711\/revisions\/7713"}],"wp:featuredmedia":[{"embeddable":true,"href":"https:\/\/zonaroja.com.mx\/index.php?rest_route=\/wp\/v2\/media\/7712"}],"wp:attachment":[{"href":"https:\/\/zonaroja.com.mx\/index.php?rest_route=%2Fwp%2Fv2%2Fmedia&parent=7711"}],"wp:term":[{"taxonomy":"category","embeddable":true,"href":"https:\/\/zonaroja.com.mx\/index.php?rest_route=%2Fwp%2Fv2%2Fcategories&post=7711"},{"taxonomy":"post_tag","embeddable":true,"href":"https:\/\/zonaroja.com.mx\/index.php?rest_route=%2Fwp%2Fv2%2Ftags&post=7711"}],"curies":[{"name":"wp","href":"https:\/\/api.w.org\/{rel}","templated":true}]}}