{"id":77117,"date":"2025-02-01T20:42:27","date_gmt":"2025-02-02T02:42:27","guid":{"rendered":"https:\/\/zonaroja.com.mx\/?p=77117"},"modified":"2025-02-01T20:42:31","modified_gmt":"2025-02-02T02:42:31","slug":"acusa-eu-que-mexico-tiene-alianza-con-crimen-organizado","status":"publish","type":"post","link":"https:\/\/zonaroja.com.mx\/?p=77117","title":{"rendered":"Acusa EU que M\u00e9xico tiene alianza con crimen organizado"},"content":{"rendered":"\n<p>Redacci\u00f3n\/Zona Roja Cdmx.<\/p>\n\n\n\n<p>Ciudad de M\u00e9xico, a 1 de febrero de 2025.- La Casa Blanca se\u00f1al\u00f3 que las c\u00e1rteles del narcotr\u00e1fico tiene una \u201calianza intolerable\u201d con el gobierno de M\u00e9xico.&nbsp;<\/p>\n\n\n\n<p>Lo anterior fue detallado por el gobierno estadounidense en su explicaci\u00f3n para imponer aranceles del 25 por ciento a productos mexicanos.<\/p>\n\n\n\n<p>\u201cLas organizaciones mexicanas de narcotr\u00e1fico tienen una alianza intolerable con el gobierno de M\u00e9xico\u201d, dijo.<\/p>\n\n\n\n<p>\u201cEl Gobierno de M\u00e9xico ha proporcionado refugios seguros a los c\u00e1rteles&nbsp;para que se dediquen a la fabricaci\u00f3n y el transporte de&nbsp;narc\u00f3ticos peligrosos, que en conjunto han provocado la muerte por sobredosis de cientos de miles de v\u00edctimas estadounidenses\u201d, puntualiz\u00f3.<\/p>\n\n\n\n<p>EE.UU. recalc\u00f3 que con estos aranceles \u2014del 25%\u2014 el presidente Trump toma medidas decisivas para proteger a los estadounidenses de la crisis ocasionada por el fentanilo..<\/p>\n\n\n\n<p>\u201cEl anuncio arancelario de hoy es necesario para responsabilizar a China, M\u00e9xico y Canad\u00e1 de sus promesas de detener el flujo de drogas venenosas hacia Estados Unidos\u201d, destac\u00f3<\/p>\n\n\n\n<p>\u201cLos c\u00e1rteles mexicanos son los principales traficantes de fentanilo, metanfetamina y otras drogas del mundo. Estos c\u00e1rteles tienen una alianza con el Gobierno de M\u00e9xico y ponen en peligro la seguridad nacional y la salud p\u00fablica de los Estados Unidos\u201d, se lee en el comunicado.<\/p>\n\n\n\n<p>Trump firm\u00f3 hoy las \u00f3rdenes ejecutivas por las que entran en vigor de inmediato los prometidos aranceles del 25 por ciento para los bienes de M\u00e9xico y Canad\u00e1 (con excepci\u00f3n del petr\u00f3leo canadiense, que tendr\u00e1 solo un 10 %) y del 10 por ciento para los de China.<\/p>\n\n\n\n<p>El presidente de EE.UU. firm\u00f3 desde su residencia particular de Mar-a-Lago en Florida tres \u00f3rdenes ejecutivas separadas en la tarde del s\u00e1bado, haciendo as\u00ed realidad una promesa anunciada repetidamente y que puede desatar una guerra comercial.<\/p>\n\n\n\n<p>Los aranceles a M\u00e9xico y Canad\u00e1 -pa\u00edses a los que acusa de no controlar su frontera en sus flujos migratotrios ni en los de drogas como el fentanilo, adem\u00e1s de aprovecharse de un super\u00e1vit comercial con EE.UU.- suponen un torpedo en la l\u00ednea de flotaci\u00f3n del tratado de libre comercio entre los tres pa\u00edses norteamericanos existente desde hace 30 a\u00f1os.<\/p>\n\n\n\n<p>\u201cHasta que se alivie la crisis, el Presidente Donald J. Trump est\u00e1 aplicando un&nbsp;arancel adicional del 25 por ciento a las importaciones de Canad\u00e1 y M\u00e9xico y un arancel adicional del por ciento, a las importaciones de China. Los recursos energ\u00e9ticos de Canad\u00e1 tendr\u00e1n un arancel menor del 10 por ciento\u201d, destac\u00f3 el documento de la Casa Blanca.<\/p>\n\n\n\n<p>(Con informaci\u00f3n de L\u00f3pez-D\u00f3riga Digital)<\/p>\n","protected":false},"excerpt":{"rendered":"<p>Redacci\u00f3n\/Zona Roja Cdmx. Ciudad de M\u00e9xico, a 1 de febrero de 2025.- La Casa Blanca&hellip;<\/p>\n","protected":false},"author":2,"featured_media":75790,"comment_status":"closed","ping_status":"open","sticky":false,"template":"","format":"standard","meta":{"_lmt_disableupdate":"","_lmt_disable":"","_jetpack_memberships_contains_paid_content":false,"footnotes":""},"categories":[109,46],"tags":[1060],"class_list":["post-77117","post","type-post","status-publish","format-standard","has-post-thumbnail","hentry","category-minuto-a-minuto","category-zona-blanca","tag-donald-trump"],"jetpack_featured_media_url":"https:\/\/zonaroja.com.mx\/wp-content\/uploads\/2024\/12\/Claudia-Sheinbaum-y-Donald-Trump.jpg","jetpack_sharing_enabled":true,"_links":{"self":[{"href":"https:\/\/zonaroja.com.mx\/index.php?rest_route=\/wp\/v2\/posts\/77117","targetHints":{"allow":["GET"]}}],"collection":[{"href":"https:\/\/zonaroja.com.mx\/index.php?rest_route=\/wp\/v2\/posts"}],"about":[{"href":"https:\/\/zonaroja.com.mx\/index.php?rest_route=\/wp\/v2\/types\/post"}],"author":[{"embeddable":true,"href":"https:\/\/zonaroja.com.mx\/index.php?rest_route=\/wp\/v2\/users\/2"}],"replies":[{"embeddable":true,"href":"https:\/\/zonaroja.com.mx\/index.php?rest_route=%2Fwp%2Fv2%2Fcomments&post=77117"}],"version-history":[{"count":1,"href":"https:\/\/zonaroja.com.mx\/index.php?rest_route=\/wp\/v2\/posts\/77117\/revisions"}],"predecessor-version":[{"id":77118,"href":"https:\/\/zonaroja.com.mx\/index.php?rest_route=\/wp\/v2\/posts\/77117\/revisions\/77118"}],"wp:featuredmedia":[{"embeddable":true,"href":"https:\/\/zonaroja.com.mx\/index.php?rest_route=\/wp\/v2\/media\/75790"}],"wp:attachment":[{"href":"https:\/\/zonaroja.com.mx\/index.php?rest_route=%2Fwp%2Fv2%2Fmedia&parent=77117"}],"wp:term":[{"taxonomy":"category","embeddable":true,"href":"https:\/\/zonaroja.com.mx\/index.php?rest_route=%2Fwp%2Fv2%2Fcategories&post=77117"},{"taxonomy":"post_tag","embeddable":true,"href":"https:\/\/zonaroja.com.mx\/index.php?rest_route=%2Fwp%2Fv2%2Ftags&post=77117"}],"curies":[{"name":"wp","href":"https:\/\/api.w.org\/{rel}","templated":true}]}}