{"id":77122,"date":"2025-02-02T07:50:00","date_gmt":"2025-02-02T13:50:00","guid":{"rendered":"https:\/\/zonaroja.com.mx\/?p=77122"},"modified":"2025-02-02T06:10:42","modified_gmt":"2025-02-02T12:10:42","slug":"realizan-en-oaxaca-congreso-sobre-comunidades-indigenas-y-afromexicana","status":"publish","type":"post","link":"https:\/\/zonaroja.com.mx\/?p=77122","title":{"rendered":"Realizan en Oaxaca congreso sobre comunidades ind\u00edgenas y afromexicana"},"content":{"rendered":"\n<p>Redacci\u00f3n\/Zona Roja.<\/p>\n\n\n\n<p>Oaxaca de Ju\u00e1rez, Oax., a 2 de febrero de 2025.- Este s\u00e1bado inici\u00f3 en Oaxaca el Congreso de las Comunidades Ind\u00edgenas y Afromexicanas de Oaxaca, un encuentro de di\u00e1logo que busca fortalecer el Plan Nacional de Desarrollo 2025-2030.<\/p>\n\n\n\n<p>Desde el Centro Cultural y de Convenciones de Oaxaca (CCCO), el mandatario Salom\u00f3n Jara Cruz celebr\u00f3 este foro de di\u00e1logo que permitir\u00e1 incluir las voces y saberes de las comunidades de la entidad, y asegurar que las nuevas leyes respeten y fortalezcan sus formas de vida.<\/p>\n\n\n\n<p>Se\u00f1al\u00f3 que con la reforma a la Constituci\u00f3n presentada en febrero del a\u00f1o pasado y que entr\u00f3 en vigor en octubre, hoy M\u00e9xico cuenta con un marco legal que representa un acto de reivindicaci\u00f3n hist\u00f3rica.<\/p>\n\n\n\n<p>&nbsp;\u201cEn 2025, en el marco de la elaboraci\u00f3n del Plan Nacional de Desarrollo tengo la certeza de que los pueblos ind\u00edgenas de Oaxaca, volveremos a ser protagonistas, porque somos un pueblo transformando su historia\u201d, afirm\u00f3.<\/p>\n\n\n\n<p>Ante representantes de las comunidades originarias, se\u00f1al\u00f3 que Oaxaca es el coraz\u00f3n \u00e9tnico, cultural y ling\u00fc\u00edstico de M\u00e9xico, donde coexisten amuzgos, chatinos, chinantecos, chocholtecos, chontales, cuicatecos, huaves, ixcatecos, mazatecos, mixes, mixtecos, nahuas, tacuates, triquis, zapotecos y afromexicanos.<\/p>\n\n\n\n<p>Resalt\u00f3 tambi\u00e9n que la entidad concentra el mayor porcentaje de poblaci\u00f3n hablante de lengua ind\u00edgena a nivel nacional con 27.3 por ciento; lo que representa un mill\u00f3n 221 mil personas hablan alguna de las 15 lenguas originarias o cualquiera de sus 176 variantes ling\u00fc\u00edsticas.<\/p>\n\n\n\n<p>De esta manera, Jara Cruz celebr\u00f3 este Congreso encabezado por la Secretar\u00eda de Interculturalidad, Pueblos y Comunidades Ind\u00edgenas y Afromexicanas (SIPCIA), ya que nutrir\u00e1 la hoja de ruta a trav\u00e9s de seis mesas de trabajo: Justicia, Salud, Educaci\u00f3n, Mujeres, Lengua y Pensamiento, as\u00ed como Desarrollo social y econom\u00eda.<\/p>\n\n\n\n<p>\u201cAqu\u00ed tendremos que reflexionar sobre c\u00f3mo traducir en pol\u00edticas p\u00fablicas el nuevo mandato constitucional; discutir cu\u00e1les ser\u00e1n nuestras aportaciones para que el segundo piso de la transformaci\u00f3n se siga construyendo sobre una base de igualdad y dignidad para nuestros pueblos y comunidades\u201d, dijo.<\/p>\n\n\n\n<p>En su oportunidad, la titular de la SIPCIA, Juana Hern\u00e1ndez L\u00f3pez expres\u00f3 que si bien la reforma a la Constituci\u00f3n abri\u00f3 las puertas al reconocimiento y reivindicaci\u00f3n de los pueblos, ahora corresponde construir y fortalecer este derecho.<\/p>\n\n\n\n<p>\u201cHoy nos encontramos ante la oportunidad hist\u00f3rica de construir una nueva realidad centrada en las necesidades particulares de las comunidades, combatiendo los efectos del racismo y la discriminaci\u00f3n e impulsando su participaci\u00f3n en la vida pol\u00edtica, econ\u00f3mica, social y cultural del estado\u201d, dijo.<\/p>\n","protected":false},"excerpt":{"rendered":"<p>Redacci\u00f3n\/Zona Roja. Oaxaca de Ju\u00e1rez, Oax., a 2 de febrero de 2025.- Este s\u00e1bado inici\u00f3&hellip;<\/p>\n","protected":false},"author":2,"featured_media":77123,"comment_status":"closed","ping_status":"open","sticky":false,"template":"","format":"standard","meta":{"_lmt_disableupdate":"","_lmt_disable":"","_jetpack_memberships_contains_paid_content":false,"footnotes":""},"categories":[109,46],"tags":[939],"class_list":["post-77122","post","type-post","status-publish","format-standard","has-post-thumbnail","hentry","category-minuto-a-minuto","category-zona-blanca","tag-salomon-jara-cruz"],"jetpack_featured_media_url":"https:\/\/zonaroja.com.mx\/wp-content\/uploads\/2025\/02\/02-GOBERNADOR-.jpg","jetpack_sharing_enabled":true,"_links":{"self":[{"href":"https:\/\/zonaroja.com.mx\/index.php?rest_route=\/wp\/v2\/posts\/77122","targetHints":{"allow":["GET"]}}],"collection":[{"href":"https:\/\/zonaroja.com.mx\/index.php?rest_route=\/wp\/v2\/posts"}],"about":[{"href":"https:\/\/zonaroja.com.mx\/index.php?rest_route=\/wp\/v2\/types\/post"}],"author":[{"embeddable":true,"href":"https:\/\/zonaroja.com.mx\/index.php?rest_route=\/wp\/v2\/users\/2"}],"replies":[{"embeddable":true,"href":"https:\/\/zonaroja.com.mx\/index.php?rest_route=%2Fwp%2Fv2%2Fcomments&post=77122"}],"version-history":[{"count":1,"href":"https:\/\/zonaroja.com.mx\/index.php?rest_route=\/wp\/v2\/posts\/77122\/revisions"}],"predecessor-version":[{"id":77124,"href":"https:\/\/zonaroja.com.mx\/index.php?rest_route=\/wp\/v2\/posts\/77122\/revisions\/77124"}],"wp:featuredmedia":[{"embeddable":true,"href":"https:\/\/zonaroja.com.mx\/index.php?rest_route=\/wp\/v2\/media\/77123"}],"wp:attachment":[{"href":"https:\/\/zonaroja.com.mx\/index.php?rest_route=%2Fwp%2Fv2%2Fmedia&parent=77122"}],"wp:term":[{"taxonomy":"category","embeddable":true,"href":"https:\/\/zonaroja.com.mx\/index.php?rest_route=%2Fwp%2Fv2%2Fcategories&post=77122"},{"taxonomy":"post_tag","embeddable":true,"href":"https:\/\/zonaroja.com.mx\/index.php?rest_route=%2Fwp%2Fv2%2Ftags&post=77122"}],"curies":[{"name":"wp","href":"https:\/\/api.w.org\/{rel}","templated":true}]}}