{"id":77125,"date":"2025-02-02T08:20:00","date_gmt":"2025-02-02T14:20:00","guid":{"rendered":"https:\/\/zonaroja.com.mx\/?p=77125"},"modified":"2025-02-02T06:21:52","modified_gmt":"2025-02-02T12:21:52","slug":"sheinbaum-rechaza-calumnia-ordena-activar-medidas-contra-eu","status":"publish","type":"post","link":"https:\/\/zonaroja.com.mx\/?p=77125","title":{"rendered":"Sheinbaum rechaza \u201ccalumnia\u00bb; ordena activar medidas contra EU"},"content":{"rendered":"\n<p>Redacci\u00f3n\/Zona Roja Cdmx.<\/p>\n\n\n\n<p>Ciudad de M\u00e9xico, a 2 de febrero de 2025.- La presidenta Claudia Sheinbaum rechaz\u00f3 la \u00abcalumnia\u00bb de que el gobierno de M\u00e9xico tiene relaci\u00f3n con grupos criminales y dijo que existe una alianza es entre las armer\u00edas de los Estados Unidos que venden armas de alto poder a las organizaciones del crimen.<\/p>\n\n\n\n<p>\u00abRechazamos categ\u00f3ricamente la calumnia que hace la Casa Blanca al Gobierno de M\u00e9xico de tener alianzas con organizaciones criminales, as\u00ed como cualquier intenci\u00f3n injerencista en nuestro territorio. Si en alg\u00fan lugar existe tal alianza es en las armer\u00edas de los Estados Unidos que venden armas de alto poder a estos grupos criminales, como lo demostr\u00f3 el propio Departamento de Justicia de Estados Unidos en enero de este a\u00f1o\u00bb, dijo la presidenta en sus redes sociales.<\/p>\n\n\n\n<p>La respuesta de M\u00e9xico se da luego de que la Casa Blanca se\u00f1alara ayer que la imposici\u00f3n de aranceles del 25% a los productos mexicanos, as\u00ed como en respuesta a la fabricaci\u00f3n y trasiego de drogas, especialmente el fentanilo, causante de la crisis de salud en ese pa\u00eds que mata a m\u00e1s de 75,000 estadounidenses al a\u00f1o.<\/p>\n\n\n\n<p>\u201cRechazamos categ\u00f3ricamente la calumnia que hace la Casa Blanca al Gobierno de M\u00e9xico de tener alianzas con organizaciones criminales, as\u00ed como cualquier intenci\u00f3n injerencista en nuestro territorio\u201d, escribi\u00f3 la presidenta.<\/p>\n\n\n\n<p>EL PLAN B<\/p>\n\n\n\n<p>Sheinbaum tambi\u00e9n instruy\u00f3 al secretario de Econom\u00eda, Marcelo Ebrard, a implementar el \u00abPlan b\u00bb en contra de Estados Unidos para defender los intereses de M\u00e9xico.<\/p>\n\n\n\n<p>\u00abInstruyo al secretario de Econom\u00eda para que implemente el \u2018Plan B\u2019 que hemos estado trabajando, que incluye medidas arancelarias y no arancelarias en defensa de los intereses de M\u00e9xico\u00bb, agreg\u00f3.<\/p>\n\n\n\n<p>No obstante, hasta el momento no se conocen detalles de lo que significa, los alcances y productos que podr\u00edan tener arancel como respuesta al gobierno estadounidense.<\/p>\n\n\n\n<p>Sheinbaum cuestion\u00f3 tambi\u00e9n al gobierno de Estados Unidos por la forma en que atienden su crisis de salud y dijo quieren atender el consumo de fentanilo, \u00abpodr\u00edan combatir la venta de estupefacientes en las calles, pero no lo hacen\u00bb.<\/p>\n\n\n\n<p>\u201cSi el gobierno de Estados Unidos y sus agencias quisieran atender el grave consumo de fentanilo en su pa\u00eds, pueden por ejemplo combatir la venta de estupefacientes en las calles de sus principales ciudades, lo que no hacen y el lavado de dinero que se genera por esta actividad ilegal que tanto da\u00f1o ha hecho a su poblaci\u00f3n\u201d, plante\u00f3.<\/p>\n\n\n\n<p>Sheinbaum asegur\u00f3 que M\u00e9xico no quiere confrontaci\u00f3n con el gobierno de Estados Unidos, por lo que ofreci\u00f3 colaboraci\u00f3n como pa\u00edses vecinos.<\/p>\n\n\n\n<p>\u201cM\u00e9xico no quiere confrontaci\u00f3n. Partimos de la colaboraci\u00f3n entre pa\u00edses vecinos. M\u00e9xico no solo no quiere que el fentanilo llegue a Estados Unidos, sino a ninguna parte. Por ello, si Estados Unidos quiere combatir a los grupos delictivos que trafican droga y generan violencia, debemos trabajar conjuntamente de forma integral, pero siempre bajo los principios de responsabilidad compartida, confianza mutua, colaboraci\u00f3n y sobre todo, respeto a la soberan\u00eda, que no es negociable. Coordinaci\u00f3n s\u00ed; subordinaci\u00f3n, no\u201d, resalt\u00f3.<\/p>\n\n\n\n<p>Propuso instalar una mesa de trabajo con los equipos de seguridad y salud p\u00fablica para abordar el tema de salud p\u00fablica a causa del consumo de drogas com fentanilo.<\/p>\n\n\n\n<p>Adem\u00e1s, explic\u00f3 que su gobierno ha asegurado en cuatro meses m\u00e1s de 40 toneladas de drogas, incluyendo 20 millones de dosis de fentanilo, y detenido a de 10,000 personas vinculadas con grupos criminales.<\/p>\n\n\n\n<p>(Informaci\u00f3n de \u201cExpansi\u00f3n Pol\u00edtica\u201d)<\/p>\n","protected":false},"excerpt":{"rendered":"<p>Redacci\u00f3n\/Zona Roja Cdmx. Ciudad de M\u00e9xico, a 2 de febrero de 2025.- La presidenta Claudia&hellip;<\/p>\n","protected":false},"author":2,"featured_media":72992,"comment_status":"closed","ping_status":"open","sticky":false,"template":"","format":"standard","meta":{"_lmt_disableupdate":"","_lmt_disable":"","_jetpack_memberships_contains_paid_content":false,"footnotes":""},"categories":[109,46],"tags":[3370],"class_list":["post-77125","post","type-post","status-publish","format-standard","has-post-thumbnail","hentry","category-minuto-a-minuto","category-zona-blanca","tag-claudia-sheinbaum"],"jetpack_featured_media_url":"https:\/\/zonaroja.com.mx\/wp-content\/uploads\/2024\/10\/Claudia-Sheinbaum-2.jpg","jetpack_sharing_enabled":true,"_links":{"self":[{"href":"https:\/\/zonaroja.com.mx\/index.php?rest_route=\/wp\/v2\/posts\/77125","targetHints":{"allow":["GET"]}}],"collection":[{"href":"https:\/\/zonaroja.com.mx\/index.php?rest_route=\/wp\/v2\/posts"}],"about":[{"href":"https:\/\/zonaroja.com.mx\/index.php?rest_route=\/wp\/v2\/types\/post"}],"author":[{"embeddable":true,"href":"https:\/\/zonaroja.com.mx\/index.php?rest_route=\/wp\/v2\/users\/2"}],"replies":[{"embeddable":true,"href":"https:\/\/zonaroja.com.mx\/index.php?rest_route=%2Fwp%2Fv2%2Fcomments&post=77125"}],"version-history":[{"count":1,"href":"https:\/\/zonaroja.com.mx\/index.php?rest_route=\/wp\/v2\/posts\/77125\/revisions"}],"predecessor-version":[{"id":77126,"href":"https:\/\/zonaroja.com.mx\/index.php?rest_route=\/wp\/v2\/posts\/77125\/revisions\/77126"}],"wp:featuredmedia":[{"embeddable":true,"href":"https:\/\/zonaroja.com.mx\/index.php?rest_route=\/wp\/v2\/media\/72992"}],"wp:attachment":[{"href":"https:\/\/zonaroja.com.mx\/index.php?rest_route=%2Fwp%2Fv2%2Fmedia&parent=77125"}],"wp:term":[{"taxonomy":"category","embeddable":true,"href":"https:\/\/zonaroja.com.mx\/index.php?rest_route=%2Fwp%2Fv2%2Fcategories&post=77125"},{"taxonomy":"post_tag","embeddable":true,"href":"https:\/\/zonaroja.com.mx\/index.php?rest_route=%2Fwp%2Fv2%2Ftags&post=77125"}],"curies":[{"name":"wp","href":"https:\/\/api.w.org\/{rel}","templated":true}]}}