{"id":77127,"date":"2025-02-02T09:33:00","date_gmt":"2025-02-02T15:33:00","guid":{"rendered":"https:\/\/zonaroja.com.mx\/?p=77127"},"modified":"2025-02-02T06:35:33","modified_gmt":"2025-02-02T12:35:33","slug":"sigue-el-terror-criminal-en-juchitan-ahora-con-narcomanta","status":"publish","type":"post","link":"https:\/\/zonaroja.com.mx\/?p=77127","title":{"rendered":"Sigue el terror criminal en Juchit\u00e1n, ahora con \u201cnarcomanta\u201d"},"content":{"rendered":"\n<p>Ismael Garc\u00eda M.\/Zona Roja. Foto: ADN Sureste.<\/p>\n\n\n\n<p>Oaxaca de Ju\u00e1rez, Oax., a 2 de febrero de 2025.- La ola de violencia en Juchit\u00e1n de Zaragoza dej\u00f3 en las \u00faltimas horas la colocaci\u00f3n de una \u201cnarcomanta\u201d, un ejecutado y al menos dos personas lesionadas.<\/p>\n\n\n\n<p>Este s\u00e1bado, sujetos desconocidos colocaron afuera de un domicilio una manta con supuesto mensaje del crimen organizado, a un costado del tramo carretero Juchit\u00e1n-Tehuantepec, a la altura del Canal 33.<\/p>\n\n\n\n<p>Corporaciones policiacas arribaron de inmediato y retiraron el mensaje, en tanto que la Vicefiscal\u00eda Regional del Istmo inici\u00f3 con las indagatorias correspondientes.<\/p>\n\n\n\n<p>Por otra parte, a\u00fan sin confirmaci\u00f3n oficial, ayer se localiz\u00f3 un cuerpo sin vida de una persona del sexo masculino con varios impactos de arma de fuego, en el interior de un veh\u00edculo en inmediaciones de la colonia 8 de Octubre.<\/p>\n\n\n\n<p>Seg\u00fan las versiones de los vecinos, la v\u00edctima fue retirada por los familiares antes de que llegaran los familiares.<\/p>\n\n\n\n<p>En tanto que la noche del viernes, un individuo fue lesionado por disparos de arma de fuego en la colonia Virgen de Guadalupe, por parte de sujetos desconocidos.<\/p>\n\n\n\n<p>El hombre pudo trasladarse a un nosocomio para recibir atenci\u00f3n m\u00e9dica y hasta el momento se desconoce su situaci\u00f3n de salud as\u00ed como su identidad.<\/p>\n\n\n\n<p>Horas antes, un joven de aproximadamente 21 a\u00f1os de edad fue atacado con un arma blanca, presuntamente al resistirse a un asalto, cuando caminaba por calles de la colonia Lorenza Santiago de Juchit\u00e1n.<\/p>\n\n\n\n<p>Se identific\u00f3 como Fernando \u201cN\u201d y fue trasladado al hospital general de la ciudad; de acuerdo con otras versiones, la agresi\u00f3n se origin\u00f3 por un conflicto familiar.<\/p>\n","protected":false},"excerpt":{"rendered":"<p>Ismael Garc\u00eda M.\/Zona Roja. Foto: ADN Sureste. Oaxaca de Ju\u00e1rez, Oax., a 2 de febrero&hellip;<\/p>\n","protected":false},"author":2,"featured_media":77128,"comment_status":"closed","ping_status":"open","sticky":false,"template":"","format":"standard","meta":{"_lmt_disableupdate":"","_lmt_disable":"","_jetpack_memberships_contains_paid_content":false,"footnotes":""},"categories":[109,51],"tags":[297],"class_list":["post-77127","post","type-post","status-publish","format-standard","has-post-thumbnail","hentry","category-minuto-a-minuto","category-zona-roja","tag-ejecutado-juchitan"],"jetpack_featured_media_url":"https:\/\/zonaroja.com.mx\/wp-content\/uploads\/2025\/02\/Narcomanta-en-Juchitan.jpeg","jetpack_sharing_enabled":true,"_links":{"self":[{"href":"https:\/\/zonaroja.com.mx\/index.php?rest_route=\/wp\/v2\/posts\/77127","targetHints":{"allow":["GET"]}}],"collection":[{"href":"https:\/\/zonaroja.com.mx\/index.php?rest_route=\/wp\/v2\/posts"}],"about":[{"href":"https:\/\/zonaroja.com.mx\/index.php?rest_route=\/wp\/v2\/types\/post"}],"author":[{"embeddable":true,"href":"https:\/\/zonaroja.com.mx\/index.php?rest_route=\/wp\/v2\/users\/2"}],"replies":[{"embeddable":true,"href":"https:\/\/zonaroja.com.mx\/index.php?rest_route=%2Fwp%2Fv2%2Fcomments&post=77127"}],"version-history":[{"count":1,"href":"https:\/\/zonaroja.com.mx\/index.php?rest_route=\/wp\/v2\/posts\/77127\/revisions"}],"predecessor-version":[{"id":77129,"href":"https:\/\/zonaroja.com.mx\/index.php?rest_route=\/wp\/v2\/posts\/77127\/revisions\/77129"}],"wp:featuredmedia":[{"embeddable":true,"href":"https:\/\/zonaroja.com.mx\/index.php?rest_route=\/wp\/v2\/media\/77128"}],"wp:attachment":[{"href":"https:\/\/zonaroja.com.mx\/index.php?rest_route=%2Fwp%2Fv2%2Fmedia&parent=77127"}],"wp:term":[{"taxonomy":"category","embeddable":true,"href":"https:\/\/zonaroja.com.mx\/index.php?rest_route=%2Fwp%2Fv2%2Fcategories&post=77127"},{"taxonomy":"post_tag","embeddable":true,"href":"https:\/\/zonaroja.com.mx\/index.php?rest_route=%2Fwp%2Fv2%2Ftags&post=77127"}],"curies":[{"name":"wp","href":"https:\/\/api.w.org\/{rel}","templated":true}]}}