{"id":77130,"date":"2025-02-02T10:35:00","date_gmt":"2025-02-02T16:35:00","guid":{"rendered":"https:\/\/zonaroja.com.mx\/?p=77130"},"modified":"2025-02-02T07:07:02","modified_gmt":"2025-02-02T13:07:02","slug":"revision-administrativa-no-despidos-en-el-ayuntamiento-dice-edil","status":"publish","type":"post","link":"https:\/\/zonaroja.com.mx\/?p=77130","title":{"rendered":"Revisi\u00f3n administrativa, no despidos en el ayuntamiento, dice edil"},"content":{"rendered":"\n<p>Redacci\u00f3n\/Zona Roja.<\/p>\n\n\n\n<p>Oaxaca de Ju\u00e1rez, Oax., 2 de febrero de 2025.\u2013 El presidente municipal de Oaxaca de Oaxaca de Ju\u00e1rez, Raymundo Chagoya, inform\u00f3 que su administraci\u00f3n trabaja en poner orden en la estructura laboral heredada, luego de detectar a personas que no se presentaban a trabajar y que, en el pasado, se desempe\u00f1aban como secretarios particulares o choferes con altos salarios.<\/p>\n\n\n\n<p>\u201cNo hay despidos, estamos en una revisi\u00f3n administrativa basada en criterios t\u00e9cnicos y financieros como parte del proceso de entrega-recepci\u00f3n\u201d, afirm\u00f3.<\/p>\n\n\n\n<p>Asegur\u00f3 que este proceso obedece a que, durante la entrega-recepci\u00f3n, se identificaron modalidades de contrataci\u00f3n que ya no pueden continuar, lo que responde a la necesidad de ordenar la estructura laboral del municipio.<\/p>\n\n\n\n<p>\u201cEl proceso sigue en curso. Hay un cr\u00e9dito fiscal por m\u00e1s de 200 millones de pesos debido al mal manejo de las finanzas. Es un tema que compromete al municipio, por lo que es importante dejar en claro que aqu\u00ed no se trata de despidos, sino de una reestructuraci\u00f3n laboral\u201d, subray\u00f3.<\/p>\n\n\n\n<p>El edil de la capital pidi\u00f3 no politizar el tema, ya que se han identificado trabajadores que resid\u00edan en otros estados del pa\u00eds o que eran secretarios particulares de funcionarios pasados y que ya no se presentaban a cumplir sus funciones.<\/p>\n\n\n\n<p>Reiter\u00f3 que existen personas en la n\u00f3mina que no desempe\u00f1an ninguna funci\u00f3n real, lo que impacta negativamente en la eficiencia del gobierno municipal.<\/p>\n\n\n\n<p>Finalmente, hizo un llamado a la ciudadan\u00eda a no dejarse llevar por informaci\u00f3n sin sustento, ya que hay personas interesadas en desacreditar este proceso.<\/p>\n\n\n\n<p>\u201cQuieren generar noticias a medias. Nuestro objetivo es salvaguardar las finanzas del municipio y tenemos la obligaci\u00f3n de poner orden\u201d, concluy\u00f3.<\/p>\n\n\n\n<p>PODA DE \u00c1RBOLES<\/p>\n\n\n\n<p>Por otra parte, el ayuntamiento capitalino dio a conocer que, en seguimiento a una queja ciudadana sobre la poda de \u00e1rboles en la Agencia de Polic\u00eda de Dolores, a trav\u00e9s de la Secretar\u00eda de Medio Ambiente y Gesti\u00f3n H\u00eddrica se realiz\u00f3 una inspecci\u00f3n diagn\u00f3stica de nueve ejemplares de la especie com\u00fanmente conocida como ficus.&nbsp;<\/p>\n\n\n\n<p>Dichos \u00e1rboles presentaban hongos en el fuste principal y ra\u00edces superficiales que provocaban el levantamiento de la banqueta, adem\u00e1s de interferir con las l\u00edneas el\u00e9ctricas de servicio p\u00fablico.<\/p>\n\n\n\n<p>Por lo anterior, y en cumplimiento con la Norma Ambiental Estatal NAE-IEEO-003-2008-Oaxaca, se procedi\u00f3 a la poda y se llevar\u00e1 a cabo una acci\u00f3n de mitigaci\u00f3n con la plantaci\u00f3n de nueve ejemplares de especies de mayor calidad, con una altura igual o superior a 2.5 metros, en la misma zona.<\/p>\n\n\n\n<p>Cabe mencionar que en el dictamen, se identific\u00f3 que los ejemplares prestaban ra\u00edces que ya estaban causando da\u00f1os en la banqueta, el drenaje y una pared. Adem\u00e1s, por su edad avanzada, los \u00e1rboles ya presentaban un deterioro significativo en el tronco principal, lo que habr\u00eda provocado su muerte en un periodo corto de tiempo.<\/p>\n","protected":false},"excerpt":{"rendered":"<p>Redacci\u00f3n\/Zona Roja. Oaxaca de Ju\u00e1rez, Oax., 2 de febrero de 2025.\u2013 El presidente municipal de&hellip;<\/p>\n","protected":false},"author":2,"featured_media":77131,"comment_status":"closed","ping_status":"open","sticky":false,"template":"","format":"standard","meta":{"_lmt_disableupdate":"","_lmt_disable":"","_jetpack_memberships_contains_paid_content":false,"footnotes":""},"categories":[109,46],"tags":[4142],"class_list":["post-77130","post","type-post","status-publish","format-standard","has-post-thumbnail","hentry","category-minuto-a-minuto","category-zona-blanca","tag-raymundo-chagoya"],"jetpack_featured_media_url":"https:\/\/zonaroja.com.mx\/wp-content\/uploads\/2025\/02\/Raymundo-Chagoya-edil-Oaxaca.jpg","jetpack_sharing_enabled":true,"_links":{"self":[{"href":"https:\/\/zonaroja.com.mx\/index.php?rest_route=\/wp\/v2\/posts\/77130","targetHints":{"allow":["GET"]}}],"collection":[{"href":"https:\/\/zonaroja.com.mx\/index.php?rest_route=\/wp\/v2\/posts"}],"about":[{"href":"https:\/\/zonaroja.com.mx\/index.php?rest_route=\/wp\/v2\/types\/post"}],"author":[{"embeddable":true,"href":"https:\/\/zonaroja.com.mx\/index.php?rest_route=\/wp\/v2\/users\/2"}],"replies":[{"embeddable":true,"href":"https:\/\/zonaroja.com.mx\/index.php?rest_route=%2Fwp%2Fv2%2Fcomments&post=77130"}],"version-history":[{"count":1,"href":"https:\/\/zonaroja.com.mx\/index.php?rest_route=\/wp\/v2\/posts\/77130\/revisions"}],"predecessor-version":[{"id":77132,"href":"https:\/\/zonaroja.com.mx\/index.php?rest_route=\/wp\/v2\/posts\/77130\/revisions\/77132"}],"wp:featuredmedia":[{"embeddable":true,"href":"https:\/\/zonaroja.com.mx\/index.php?rest_route=\/wp\/v2\/media\/77131"}],"wp:attachment":[{"href":"https:\/\/zonaroja.com.mx\/index.php?rest_route=%2Fwp%2Fv2%2Fmedia&parent=77130"}],"wp:term":[{"taxonomy":"category","embeddable":true,"href":"https:\/\/zonaroja.com.mx\/index.php?rest_route=%2Fwp%2Fv2%2Fcategories&post=77130"},{"taxonomy":"post_tag","embeddable":true,"href":"https:\/\/zonaroja.com.mx\/index.php?rest_route=%2Fwp%2Fv2%2Ftags&post=77130"}],"curies":[{"name":"wp","href":"https:\/\/api.w.org\/{rel}","templated":true}]}}