{"id":77133,"date":"2025-02-02T11:30:00","date_gmt":"2025-02-02T17:30:00","guid":{"rendered":"https:\/\/zonaroja.com.mx\/?p=77133"},"modified":"2025-02-02T07:15:57","modified_gmt":"2025-02-02T13:15:57","slug":"respaldan-gobernadores-de-la-conago-a-sheinbaum-ante-acusaciones-de-eu","status":"publish","type":"post","link":"https:\/\/zonaroja.com.mx\/?p=77133","title":{"rendered":"Respaldan gobernadores de la Conago a Sheinbaum, ante acusaciones de EU"},"content":{"rendered":"\n<p>Redacci\u00f3n\/Zona Roja Cdmx.<\/p>\n\n\n\n<p>Ciudad de M\u00e9xico, a 2 de febrero de 2025.- Los integrantes de la Conferencia Nacional de Gobernadores (Conago) emitieron un posicionamiento en respaldo a la presidenta de M\u00e9xico, Claudia Sheinbaum Pardo, tras las recientes declaraciones de la Casa Blanca que sugieren presuntos v\u00ednculos entre el gobierno mexicano y los c\u00e1rteles del narcotr\u00e1fico.<br>A trav\u00e9s de un comunicado, los mandatarios estatales condenaron en\u00e9rgicamente estas acusaciones, calific\u00e1ndolas de infundadas y carentes de sustento.&nbsp;<\/p>\n\n\n\n<p>Asimismo, se\u00f1alaron que dichas afirmaciones ignoran los esfuerzos verificables que el Gobierno de M\u00e9xico ha realizado en el combate al crimen organizado, fortaleciendo el Estado de derecho y la seguridad nacional.<br>En el documento, los gobernadores destacaron que bajo el liderazgo de Sheinbaum Pardo, la lucha contra el narcotr\u00e1fico se ha intensificado mediante operativos estrat\u00e9gicos, la captura de l\u00edderes criminales y el reforzamiento de la cooperaci\u00f3n internacional en materia de seguridad.<br>\u201cEl Gobierno de M\u00e9xico ha asumido con responsabilidad su papel en el combate al crimen organizado, enfrentando a los grupos delictivos con determinaci\u00f3n y sin tregua. La coordinaci\u00f3n con las fuerzas de seguridad, el fortalecimiento de las instituciones y la colaboraci\u00f3n con socios internacionales han sido pilares fundamentales en esta estrategia\u201d, se\u00f1ala el posicionamiento de la Conago.<\/p>\n\n\n\n<p>Los mandatarios estatales subrayaron que la problem\u00e1tica del narcotr\u00e1fico tiene una dimensi\u00f3n binacional, pues mientras M\u00e9xico combate la producci\u00f3n y tr\u00e1fico de drogas il\u00edcitas, la demanda de sustancias como el fentanilo proviene de Estados Unidos.<br>Asimismo, recordaron que el flujo ilegal de armas de alto poder desde territorio estadounidense fortalece a los grupos delictivos en M\u00e9xico, por lo que exigieron mayor corresponsabilidad en el tema.<br>Adem\u00e1s de la pol\u00e9mica en materia de seguridad, la CONAGO expres\u00f3 su preocupaci\u00f3n la imposici\u00f3n de aranceles a productos mexicanos por parte del gobierno estadounidense, se\u00f1alando que estas medidas afectar\u00edan gravemente a la econom\u00eda de ambas naciones.<br>\u201cLa interdependencia econ\u00f3mica entre M\u00e9xico y Estados Unidos es un pilar fundamental del desarrollo en Am\u00e9rica del Norte. La imposici\u00f3n de aranceles no solo impactar\u00eda negativamente a los productores y exportadores mexicanos, sino que tambi\u00e9n perjudicar\u00eda a trabajadores y empresas estadounidenses, poniendo en riesgo la competitividad regional\u201d, indicaron los gobernadores.<\/p>\n\n\n\n<p>Finalmente, los integrantes de la Conago reiteraron su llamado a fortalecer la relaci\u00f3n bilateral sobre la base del respeto, el di\u00e1logo y la cooperaci\u00f3n. Enfatizaron que la relaci\u00f3n entre M\u00e9xico y Estados Unidos debe centrarse en construir soluciones conjuntas y no en descalificaciones infundadas ni medidas econ\u00f3micas punitivas.<br>\u201cDesde la Conago reafirmamos nuestro respaldo a la presidenta Claudia Sheinbaum Pardo y su compromiso con la legalidad, la seguridad y el desarrollo econ\u00f3mico de M\u00e9xico. Confiamos en que la hist\u00f3rica relaci\u00f3n entre ambas naciones prevalecer\u00e1 sobre cualquier diferencia y que a trav\u00e9s del di\u00e1logo podremos encontrar soluciones que beneficien a ambos pueblos\u201d, concluye el comunicado.<\/p>\n\n\n\n<p>(Informaci\u00f3n de \u201cEl Heraldo de Chihuahua\u201d)<\/p>\n","protected":false},"excerpt":{"rendered":"<p>Redacci\u00f3n\/Zona Roja Cdmx. Ciudad de M\u00e9xico, a 2 de febrero de 2025.- Los integrantes de&hellip;<\/p>\n","protected":false},"author":2,"featured_media":77134,"comment_status":"closed","ping_status":"open","sticky":false,"template":"","format":"standard","meta":{"_lmt_disableupdate":"","_lmt_disable":"","_jetpack_memberships_contains_paid_content":false,"footnotes":""},"categories":[109,46],"tags":[3370],"class_list":["post-77133","post","type-post","status-publish","format-standard","has-post-thumbnail","hentry","category-minuto-a-minuto","category-zona-blanca","tag-claudia-sheinbaum"],"jetpack_featured_media_url":"https:\/\/zonaroja.com.mx\/wp-content\/uploads\/2025\/02\/Conago-respaldo-a-Claudia-S.jpg","jetpack_sharing_enabled":true,"_links":{"self":[{"href":"https:\/\/zonaroja.com.mx\/index.php?rest_route=\/wp\/v2\/posts\/77133","targetHints":{"allow":["GET"]}}],"collection":[{"href":"https:\/\/zonaroja.com.mx\/index.php?rest_route=\/wp\/v2\/posts"}],"about":[{"href":"https:\/\/zonaroja.com.mx\/index.php?rest_route=\/wp\/v2\/types\/post"}],"author":[{"embeddable":true,"href":"https:\/\/zonaroja.com.mx\/index.php?rest_route=\/wp\/v2\/users\/2"}],"replies":[{"embeddable":true,"href":"https:\/\/zonaroja.com.mx\/index.php?rest_route=%2Fwp%2Fv2%2Fcomments&post=77133"}],"version-history":[{"count":1,"href":"https:\/\/zonaroja.com.mx\/index.php?rest_route=\/wp\/v2\/posts\/77133\/revisions"}],"predecessor-version":[{"id":77135,"href":"https:\/\/zonaroja.com.mx\/index.php?rest_route=\/wp\/v2\/posts\/77133\/revisions\/77135"}],"wp:featuredmedia":[{"embeddable":true,"href":"https:\/\/zonaroja.com.mx\/index.php?rest_route=\/wp\/v2\/media\/77134"}],"wp:attachment":[{"href":"https:\/\/zonaroja.com.mx\/index.php?rest_route=%2Fwp%2Fv2%2Fmedia&parent=77133"}],"wp:term":[{"taxonomy":"category","embeddable":true,"href":"https:\/\/zonaroja.com.mx\/index.php?rest_route=%2Fwp%2Fv2%2Fcategories&post=77133"},{"taxonomy":"post_tag","embeddable":true,"href":"https:\/\/zonaroja.com.mx\/index.php?rest_route=%2Fwp%2Fv2%2Ftags&post=77133"}],"curies":[{"name":"wp","href":"https:\/\/api.w.org\/{rel}","templated":true}]}}