{"id":77136,"date":"2025-02-02T12:27:00","date_gmt":"2025-02-02T18:27:00","guid":{"rendered":"https:\/\/zonaroja.com.mx\/?p=77136"},"modified":"2025-02-02T07:28:53","modified_gmt":"2025-02-02T13:28:53","slug":"opinion-javier-milei-y-salomon-jara","status":"publish","type":"post","link":"https:\/\/zonaroja.com.mx\/?p=77136","title":{"rendered":"Opini\u00f3n. Javier Milei y Salom\u00f3n Jara"},"content":{"rendered":"\n<p>Soledad Jarqu\u00edn*\/SemM\u00e9xico<\/p>\n\n\n\n<p>Entre Javier Gerardo Milei y Salom\u00f3n Jara Cruz hay un trecho que los aleja, el geogr\u00e1fico, y otro que los hace une, patriarcado.<\/p>\n\n\n\n<p>Tanto Milei como el oaxaque\u00f1o Jara Cruz vienen en apariencia de dos posiciones pol\u00edticas diferentes. Milei, presidente de Argentina en el cono sur de nuestro continente, lleg\u00f3 al poder en 2023 a trav\u00e9s del partido conservador Libertad Avanza, en tanto el gobernador de Oaxaca, al sureste de M\u00e9xico, desde diciembre de 2022, lo hizo a trav\u00e9s del ahora hegem\u00f3nico partido pol\u00edtico Morena, que se autoproclama de izquierda.&nbsp;<\/p>\n\n\n\n<p>Son dos ejemplos, distantes en apariencia, por las posiciones pol\u00edticas que creemos o nos han hecho creer que no se mezclan la izquierda y la derecha. La ideolog\u00eda pol\u00edtica, la m\u00edstica, se ha denunciado, dicho, explicado en much\u00edsimas ocasiones se ha perdido, por eso vemos personas con profunda formaci\u00f3n conservadora dentro del poder pol\u00edtico mexicano abanderando al partido en el poder. No son ni contradicciones ni coincidencias son los hombres detentando el poder a pesar de la \u201cm\u00edstica\u201d que en pol\u00edtica hace rato se evapor\u00f3.<\/p>\n\n\n\n<p>En apariencia, a simple vista, ambos no tienen nada en com\u00fan, pero los une su formaci\u00f3n de hombres dentro de una estructura que los ha hecho creer que ellos son superiores a las mujeres, por tanto, como \u201cseres supremos\u201d pueden determinar la existencia de las mujeres.&nbsp;<\/p>\n\n\n\n<p>El presidente argentino pretende eliminar del C\u00f3digo Penal el delito de feminicidio, como parte del endurecimiento de las pol\u00edticas pro-derechos que las argentinas hab\u00edan conseguido, entre jalones y estirones, a lo largo de los a\u00f1os. La idea de la igualdad propuesta por las mujeres no es por mucho la idea de la igualdad que entienden en el patriarcado argentino. Lo que revela es que no han entendido nada o que son muy pero muy ignorantes.<\/p>\n\n\n\n<p>Porque efectivamente, la vida de un hombre y la vida de una mujer tienen el mismo valor, pero el asesinato de un hombre y el asesinato de una mujer son diferentes y est\u00e1n fundados en las anquilosadas estructuras culturales que ubica a las mujeres en una posici\u00f3n de subordinaci\u00f3n con respecto a los hombres. A las mujeres se les asesina por no hacer lo que estrictamente es correcto o les corresponde por ser mujeres, por pretender o aspirar a lugares donde ellas no deben estar desde esa idea machista, por querer estar en la vida p\u00fablica, por trata, por tr\u00e1fico, por racismo, por edad, por tener cuerpos de mujeres (sexuales) y una interminable lista de actos de discriminaci\u00f3n y minusval\u00eda.<\/p>\n\n\n\n<p>La violencia que hace que los hombres se maten entre s\u00ed, tiene otras razones y curiosamente tienen que ver con la supremac\u00eda de ellos contra ellos mismos, una valent\u00eda que los pone en el riesgo sistem\u00e1tico.<\/p>\n\n\n\n<p>Pues igual en Oaxaca, Jara no va contra el feminicidio, no hasta ahora, sin embargo, enfrenta una serie de problemas en su tercer a\u00f1o de gobierno, ni a la mitad, por deso\u00edr a las mujeres, por omiso y negligente, algunos de ellos no ocurridos en estos dos&nbsp; primeros a\u00f1os pero que tiene que resolver porque es el responsable de la administraci\u00f3n p\u00fablica y del \u201chumanismo oaxaque\u00f1o\u201d&nbsp; y que \u00e9l, a manera de producto pol\u00edtico llama \u201cla primavera\u201d, una que por cierto la ciudadan\u00eda no acaba de ver florecer.<\/p>\n\n\n\n<p>Por incre\u00edble que parezca, la exigencia de justicia de Mar\u00eda Elena R\u00edos le explot\u00f3 en la cara al gobernador Jara Cruz, cuando en un acto el pasado viernes 24 de enero, delante de la presidenta Claudia Sheinbaum, tom\u00f3 el micr\u00f3fono para decir que Jara Cruz gan\u00f3, junto con uno de los autores intelectuales de su agresi\u00f3n (Juan Antonio Vera Carrizal) por lo que ella se rend\u00eda. No es para menos, v\u00edctima de intento de feminicidio, mediante una agresi\u00f3n con \u00e1cido que lesion\u00f3 una gran parte de su cuerpo y cara, R\u00edos Ortiz ha tenido que documentar y exhibir los privilegios para el exdiputado priista oaxaque\u00f1o, sum\u00f3 m\u00e1s de 50 d\u00edas fuera del centro de reclusi\u00f3n por una serie de supuestos padecimientos, en tanto otro de los implicados de nombre Juan Antonio Vera Hern\u00e1ndez sigue libre por la vida.<\/p>\n\n\n\n<p>El otro asunto que dej\u00f3 sin atender fue la denuncia presentada por la defensora y abogada Sandra Dom\u00ednguez Mart\u00ednez y otras mujeres mixes, en contra de diversos funcionarios del gobierno estatal y del federal, que, como buenos machos, manten\u00edan un chat porno afectando a mujeres de esa zona de Oaxaca. La defensora Dom\u00ednguez desapareci\u00f3 hace casi 120 d\u00edas. La respuesta del omiso y negligente gobierno de Oaxaca, que encabeza Jara Cruz, no fue la b\u00fasqueda sino la criminalizaci\u00f3n a la activista.<\/p>\n\n\n\n<p>Por eso digo que son iguales. Aunque uno sea presidente de Argentina y el otro gobernador de Oaxaca, aunque uno sea de derecha y el otro dice que es de izquierda, aunque uno sea m\u00e1s fif\u00ed que el otro. Son hombres, mis\u00f3ginos y machos.<\/p>\n\n\n\n<p>*Periodista y activista feminista.<\/p>\n\n\n\n<p>@JarquinEdgar<\/p>\n","protected":false},"excerpt":{"rendered":"<p>Soledad Jarqu\u00edn*\/SemM\u00e9xico Entre Javier Gerardo Milei y Salom\u00f3n Jara Cruz hay un trecho que los&hellip;<\/p>\n","protected":false},"author":2,"featured_media":68029,"comment_status":"closed","ping_status":"open","sticky":false,"template":"","format":"standard","meta":{"_lmt_disableupdate":"","_lmt_disable":"","_jetpack_memberships_contains_paid_content":false,"footnotes":""},"categories":[456,109],"tags":[1105],"class_list":["post-77136","post","type-post","status-publish","format-standard","has-post-thumbnail","hentry","category-columna","category-minuto-a-minuto","tag-soledad-jarquin-edgar"],"jetpack_featured_media_url":"https:\/\/zonaroja.com.mx\/wp-content\/uploads\/2024\/05\/Soledad-Jarquin-Edgar.jpg","jetpack_sharing_enabled":true,"_links":{"self":[{"href":"https:\/\/zonaroja.com.mx\/index.php?rest_route=\/wp\/v2\/posts\/77136","targetHints":{"allow":["GET"]}}],"collection":[{"href":"https:\/\/zonaroja.com.mx\/index.php?rest_route=\/wp\/v2\/posts"}],"about":[{"href":"https:\/\/zonaroja.com.mx\/index.php?rest_route=\/wp\/v2\/types\/post"}],"author":[{"embeddable":true,"href":"https:\/\/zonaroja.com.mx\/index.php?rest_route=\/wp\/v2\/users\/2"}],"replies":[{"embeddable":true,"href":"https:\/\/zonaroja.com.mx\/index.php?rest_route=%2Fwp%2Fv2%2Fcomments&post=77136"}],"version-history":[{"count":1,"href":"https:\/\/zonaroja.com.mx\/index.php?rest_route=\/wp\/v2\/posts\/77136\/revisions"}],"predecessor-version":[{"id":77137,"href":"https:\/\/zonaroja.com.mx\/index.php?rest_route=\/wp\/v2\/posts\/77136\/revisions\/77137"}],"wp:featuredmedia":[{"embeddable":true,"href":"https:\/\/zonaroja.com.mx\/index.php?rest_route=\/wp\/v2\/media\/68029"}],"wp:attachment":[{"href":"https:\/\/zonaroja.com.mx\/index.php?rest_route=%2Fwp%2Fv2%2Fmedia&parent=77136"}],"wp:term":[{"taxonomy":"category","embeddable":true,"href":"https:\/\/zonaroja.com.mx\/index.php?rest_route=%2Fwp%2Fv2%2Fcategories&post=77136"},{"taxonomy":"post_tag","embeddable":true,"href":"https:\/\/zonaroja.com.mx\/index.php?rest_route=%2Fwp%2Fv2%2Ftags&post=77136"}],"curies":[{"name":"wp","href":"https:\/\/api.w.org\/{rel}","templated":true}]}}