{"id":7714,"date":"2020-01-15T18:51:08","date_gmt":"2020-01-16T00:51:08","guid":{"rendered":"http:\/\/www.zonaroja.com.mx\/?p=7714"},"modified":"2020-01-15T18:51:14","modified_gmt":"2020-01-16T00:51:14","slug":"insiste-comunidad-lasalle-en-aparicion-con-vida-de-estudiante-desaparecida","status":"publish","type":"post","link":"https:\/\/zonaroja.com.mx\/?p=7714","title":{"rendered":"Insiste comunidad Lasalle en aparici\u00f3n con vida de estudiante desaparecida"},"content":{"rendered":"\n<p>Evlin\nArag\u00f3n\/Zona Roja.<\/p>\n\n\n\n<p>Oaxaca de Ju\u00e1rez,\nOax., 15 de enero de 2020.- A m\u00e1s de un a\u00f1o de que Martha Rosa S\u00e1nchez,\nestudiante de la licenciatura en Gesti\u00f3n y Desarrollo de las Artes, fuera vista\npor \u00faltima vez en los pasillos de la Universidad Lasalle &#8211;tras su desaparici\u00f3n\njunto a su madre Mar\u00eda Concha Rebollar&#8211;, la comunidad estudiantil no olvida el\ncaso y mantiene su exigencia de aparici\u00f3n con vida de las dos mujeres.<\/p>\n\n\n\n<p>El pasado\nlunes, a trav\u00e9s de las redes sociales de la instituci\u00f3n educativa, difundieron un\nmensaje dirigido al gobernador Alejando Murat Hinojosa, as\u00ed como a titulares de\nla Fiscal\u00eda General del Estado de Oaxaca y las secretar\u00edas de Seguridad P\u00fablica\ny de la Mujeres, en la que exponen la falta de respuestas claras por parte de\nlas autoridades estatales, contribuyendo en la impunidad que impera en el pa\u00eds\nen torno al tema de las desapariciones forzadas.<\/p>\n\n\n\n<p>\u201cMartha Rosa\nno dejaremos que te olviden. Queremos evitar que este sea un caso m\u00e1s que se\nqueda en los archivos, impune, en el olvido\u2026 como en muchos casos\nlamentablemente ha pasado\u201d, refiere la publicaci\u00f3n realizada por la instituci\u00f3n\neducativa, acompa\u00f1ada de una imagen de la joven de 20 a\u00f1os desaparecida el 25\nde diciembre del 2018.<\/p>\n\n\n\n<p>En este\nsentido, explicaron que pese a la desidia de las autoridades y el notable paso\ndel tiempo, no dejar\u00e1n de insistir hasta saber sobre el paradero de la joven y\nsu madre. <\/p>\n\n\n\n<p>\u201cNo\ndejaremos de insistir, no estamos dispuestos a voltear la mirada como si nada\nhubiese pasado, queremos saber de Martha y su mam\u00e1, queremos saber de todas\naquellas personas desparecidas que han quedado en la indiferencia de las\nautoridades y en el coraje de ya no poder vivir tranquilos\u201d, expresaron.<\/p>\n\n\n\n<p>As\u00ed mismo,\nreclamaron la inseguridad que se vive actualmente en Oaxaca y exigieron que la\nprocuraci\u00f3n de justicia, a cargo de Rub\u00e9n Vasconcelos M\u00e9ndez, trabaje al\nservicio de la ciudadan\u00eda que espera repuestas inmediatas a decenas de casos de\npersonas desaparecidas en la entidad.<\/p>\n\n\n\n<p>\u201cQueremos\nque la justicia y las personas responsables de impartirla dimensionen el\ncompromiso que tienen y trabajen por la sociedad que espera respuestas\ninmediatas\u201d, concluye la publicaci\u00f3n breve pero contundente en el llamado a las\nautoridades.<\/p>\n\n\n\n<p>Mar\u00eda Concha\nRebollar, de 46 a\u00f1os de edad, y su hija Martha Rosa S\u00e1nchez, de 20, fueron\nvistas por \u00faltima vez el 25 de diciembre del 2018 en su domicilio ubicado en la\ncolonia La Soledad en el municipio de San Antonio de la Cal, donde pasaban la\nNavidad. <\/p>\n\n\n\n<p>En enero del\n2019 se anunci\u00f3 la detenci\u00f3n de F\u00e9lix S. J. L., polic\u00eda municipal de Santa\nLuc\u00eda del Camino, acusado como probable responsable de la desaparici\u00f3n forzada\nde ambas mujeres, sin embargo, hasta la fecha nada se sabe del paradero de\nmadre e hija.<\/p>\n","protected":false},"excerpt":{"rendered":"<p>Evlin Arag\u00f3n\/Zona Roja. Oaxaca de Ju\u00e1rez, Oax., 15 de enero de 2020.- A m\u00e1s de&hellip;<\/p>\n","protected":false},"author":2,"featured_media":7715,"comment_status":"closed","ping_status":"open","sticky":false,"template":"","format":"standard","meta":{"_lmt_disableupdate":"","_lmt_disable":"","_jetpack_memberships_contains_paid_content":false,"footnotes":""},"categories":[109,47],"tags":[1284],"class_list":["post-7714","post","type-post","status-publish","format-standard","has-post-thumbnail","hentry","category-minuto-a-minuto","category-zona-gris","tag-martha-rosa-sanchez"],"jetpack_featured_media_url":"https:\/\/zonaroja.com.mx\/wp-content\/uploads\/2020\/01\/Martha-Rosas-S\u00e1nchez.jpg","jetpack_sharing_enabled":true,"_links":{"self":[{"href":"https:\/\/zonaroja.com.mx\/index.php?rest_route=\/wp\/v2\/posts\/7714","targetHints":{"allow":["GET"]}}],"collection":[{"href":"https:\/\/zonaroja.com.mx\/index.php?rest_route=\/wp\/v2\/posts"}],"about":[{"href":"https:\/\/zonaroja.com.mx\/index.php?rest_route=\/wp\/v2\/types\/post"}],"author":[{"embeddable":true,"href":"https:\/\/zonaroja.com.mx\/index.php?rest_route=\/wp\/v2\/users\/2"}],"replies":[{"embeddable":true,"href":"https:\/\/zonaroja.com.mx\/index.php?rest_route=%2Fwp%2Fv2%2Fcomments&post=7714"}],"version-history":[{"count":1,"href":"https:\/\/zonaroja.com.mx\/index.php?rest_route=\/wp\/v2\/posts\/7714\/revisions"}],"predecessor-version":[{"id":7716,"href":"https:\/\/zonaroja.com.mx\/index.php?rest_route=\/wp\/v2\/posts\/7714\/revisions\/7716"}],"wp:featuredmedia":[{"embeddable":true,"href":"https:\/\/zonaroja.com.mx\/index.php?rest_route=\/wp\/v2\/media\/7715"}],"wp:attachment":[{"href":"https:\/\/zonaroja.com.mx\/index.php?rest_route=%2Fwp%2Fv2%2Fmedia&parent=7714"}],"wp:term":[{"taxonomy":"category","embeddable":true,"href":"https:\/\/zonaroja.com.mx\/index.php?rest_route=%2Fwp%2Fv2%2Fcategories&post=7714"},{"taxonomy":"post_tag","embeddable":true,"href":"https:\/\/zonaroja.com.mx\/index.php?rest_route=%2Fwp%2Fv2%2Ftags&post=7714"}],"curies":[{"name":"wp","href":"https:\/\/api.w.org\/{rel}","templated":true}]}}