{"id":77145,"date":"2025-02-03T10:14:00","date_gmt":"2025-02-03T16:14:00","guid":{"rendered":"https:\/\/zonaroja.com.mx\/?p=77145"},"modified":"2025-02-03T06:39:31","modified_gmt":"2025-02-03T12:39:31","slug":"opinion-seccion-22-y-las-negligencias-del-ieepo","status":"publish","type":"post","link":"https:\/\/zonaroja.com.mx\/?p=77145","title":{"rendered":"Opini\u00f3n. Secci\u00f3n 22 y las negligencias del IEEPO"},"content":{"rendered":"\n<p>Ismael Garc\u00eda M.\/Zona Roja.<\/p>\n\n\n\n<p>Oaxaca, Oax., a 3 de febrero de 2025.- Las negligencias del Instituto Estatal de Educaci\u00f3n de Oaxaca generaron una fuerte crisis social la semana pasada.<\/p>\n\n\n\n<p>Pero \u00e9sta s\u00f3lo fue una advertencia de lo que viene, por en\u00e9sima ocasi\u00f3n, en mayo pr\u00f3ximo, en el marco de la revisi\u00f3n salarial anual.<\/p>\n\n\n\n<p>Y todo ello es resultado de la nula capacidad del director del Instituto, Emilio Montero P\u00e9rez, para dialogar y atender las demandas magisteriales.<\/p>\n\n\n\n<p>Asimismo, la falta de operadores pol\u00edticos y de funcionarios capacitados en materia educativa para resolver las problem\u00e1ticas.<\/p>\n\n\n\n<p>En cambio, el cien por ciento de los esfuerzos de Montero L\u00f3pez est\u00e1 en mantener su \u201cbase social\u201d en Juchit\u00e1n de Zaragoza y zonas conturbadas, donde por cierto sigue teniendo bajo su control el ayuntamiento, a trav\u00e9s de Miguel S\u00e1nchez Altamirano.<\/p>\n\n\n\n<p>El director del IEEPO contin\u00faa en campa\u00f1a pol\u00edtica y aceita su maquinaria social tras la promesa de poder conseguir un cargo de elecci\u00f3n popular en los pr\u00f3ximos comicios.<\/p>\n\n\n\n<p>Todo ello mantiene los hilos sueltos en la Secci\u00f3n 22 y que en una semana metieron en un brete en el gobierno estatal.<\/p>\n\n\n\n<p>Otro de los muchos errores es el despilfarro del erario, a trav\u00e9s de su oficial mayor Abel Jes\u00fas Leyva Gandarillas \u2014que por cierto sigue laborando, pese a la orden del gobernador Salom\u00f3n Jara Cruz de separarlo del cargo, tras el accidente que provoc\u00f3, en que arroll\u00f3 a dos polic\u00edas municipales de San Antonio de la Cal\u2014, quien mantiene los \u201cvicios del pasado\u201d que tanto han criticado en la 4T.<\/p>\n\n\n\n<p>PUNTILLA FEDERAL<\/p>\n\n\n\n<p>Las reuniones y los acuerdos con el magisterio y el gobierno federal penden tambi\u00e9n de un hilo, habida cuenta de que la gremial, una de las principales fortalezas de la Coordinadora Nacional de Trabajadores de la Educaci\u00f3n (CNTE), mantiene serias diferencias con Mario Delgado, secretario de Educaci\u00f3n P\u00fablica.<\/p>\n\n\n\n<p>De hecho, desde que lo design\u00f3 Claudia Sheinbaum, se pronunci\u00f3 en contra de del ex dirigente nacional del Partido Morena.<\/p>\n\n\n\n<p>Y \u00e9ste para colmo, en tono de burla, dio cargos en la SEP a dos oaxaque\u00f1os y ex dirigentes magisteriales, Azael Santiago Chepi y Jorge \u00c1ngel Sibaja.<\/p>\n\n\n\n<p>Para cerrar la pinza ofensiva, Mario Delgado los trajo el pasado jueves a la reuni\u00f3n de alto nivel, en el Centro de Convenciones de Oaxaca, lo que estuvo a punto de romper la mesa de negociaci\u00f3n.<\/p>\n\n\n\n<p>De hecho, el magisterio condicion\u00f3 su permanencia en el encuentro a cambio de que se fueran Chepi y Aciel, quienes tuvieron que salir cabizbajos.<\/p>\n\n\n\n<p>A drede o por alguna raz\u00f3n que guardan celosamente, el gobierno federal no ha querido, pese a que puede hacerlo, concretar las demandas magisteriales que le corresponden.<\/p>\n\n\n\n<p>LA ADVERTENCIA<\/p>\n\n\n\n<p>En el caso de Oaxaca, la m\u00e1s reciente crisis inici\u00f3 en la pen\u00faltima semana de enero, con el masivo anuncio del nivel de Primaria General de la Secci\u00f3n 22, de iniciar una fuerte movilizaci\u00f3n, a partir del d\u00eda 27.<\/p>\n\n\n\n<p>Pero nadie les prest\u00f3 la atenci\u00f3n a su tiempo y mucho menos se preocup\u00f3 por atender de inmediato a los inconformes. Tampoco dimension\u00f3 el amago de cerrar por dos d\u00edas las principales vialidades de la ciudad de Oaxaca, adem\u00e1s de extender un \u201cplant\u00f3n\u201d en el z\u00f3calo, Alameda y calles aleda\u00f1as.<\/p>\n\n\n\n<p>El caso es que el d\u00eda lleg\u00f3 y de manera extraordinaria, el z\u00f3calo, la Alameda y algunas c\u00e9ntricas calles se llenaron de tiendas de campa\u00f1a, muchas de ellas nuevas y sin gente.<\/p>\n\n\n\n<p>Mientras que al menos cinco cruces viales fueron bloqueados por a lo mucho un centenar de docentes en cada manifestaci\u00f3n.&nbsp;<\/p>\n\n\n\n<p>Lo extra\u00f1o fue que ocurriera esa megamovilizaci\u00f3n s\u00f3lo por parte de un nivel educativo, no de todo el magisterio; tampoco se vio el respaldo del Comit\u00e9 Ejecutivo Seccional. O \u00bffue un \u201cfuego amigo\u201d desde la Secretar\u00eda de Gobierno para reiterar la incapacidad del titular del IEEPO?<\/p>\n\n\n\n<p>El martes 28 iban a recetar una dosis igual a oaxaque\u00f1os y turistas, pero finalmente no ocurri\u00f3 y el nivel Primaria \u00fanicamente march\u00f3 de la zona norte al centro de la ciudad, para despu\u00e9s retirarse.<\/p>\n\n\n\n<p>Por cierto, la semana pasada alrededor de 480 mil ni\u00f1os de primaria perdieron cuatro d\u00edas de clases, dos d\u00edas por la protesta magisterial; el jueves por la concentraci\u00f3n en el Centro de Convenciones y el viernes por reuniones t\u00e9cnicas de fin de mes.<\/p>\n\n\n\n<p>El 30 de enero finalmente se apareci\u00f3 la dirigencia magisterial que encabeza Yenny Aracely P\u00e9rez Mart\u00ednez y se llev\u00f3 a cabo la reuni\u00f3n con la SEP y el IEEPO, de los que hubo algunos avances, pero\u2026<\/p>\n\n\n\n<p>DEMANDAS LATENTES<\/p>\n\n\n\n<p>De manera extraordinaria tambi\u00e9n, la Asamblea Estatal de la Secci\u00f3n 22 del SNTE, del pasado fin de semana, dur\u00f3 m\u00e1s de 12 horas, tras lo cual se dio a conocer un largo documento de los acuerdos y tareas.<\/p>\n\n\n\n<p>Entre ellas retomar su propia iniciativa de Ley Estatal de Educaci\u00f3n y, ahora s\u00ed, concretar su Plan para la Transformaci\u00f3n de la Educaci\u00f3n, su famoso PTEO que lleva una d\u00e9cada en ciernes.<\/p>\n\n\n\n<p>\u201cVigilar el cumplimiento en tiempo y forma del acuerdo minutado sobre la entrega de los uniformes escolares \u2014a partir del 24 de febrero-, de lo contraria, accionar en lo inmediato para su cumplimiento\u201d.<\/p>\n\n\n\n<p>\u201cEl repudio a Azael Santiago Chepi, Jorge \u00c1ngel Sibaja Mendoza y cualquier persona que haya militado en nuestro movimiento y ahora se encuentre en las filas del gobierno haciendo trabajo de entreguismo pol\u00edtico\u201d.<\/p>\n\n\n\n<p>Y m\u00e1s clara la posici\u00f3n de la dirigente sindical al terminar la Asamblea Estatal:<\/p>\n\n\n\n<p>\u201cEste movimiento es de bases y no es de l\u00edderes; nuestras demandas no se van a resolver en las mesas dilatorias con el gobierno federal\u2026 Generar las condiciones para una pr\u00f3xima jornada de lucha.. Que el gobierno sepa que esta Secci\u00f3n 22 a\u00fan cuando causa o quiere lograr el divisionismo, no lo logra\u201d.<\/p>\n\n\n\n<p>Por lo pronto, para el 8 de marzo ya tiene programada una marcha masiva en la capital del estado\u2026 por el D\u00eda Internacional de la Mujer.<\/p>\n\n\n\n<p>\u00bfCumplir\u00e1 Claudia Sheinbaum el compromiso de solicitar al Poder Legislativo federal que abrogue la Ley del ISSSTE? \u00bfTambi\u00e9n la reforma educativa que promovi\u00f3 Enrique Pe\u00f1a Nieto?<\/p>\n\n\n\n<p>Lo dudamos, porque en seis a\u00f1os, no lo quizo hacer Andr\u00e9s Manuel L\u00f3pez Obrador, y le hered\u00f3 dicha instrucci\u00f3n a su sucesora \u2014a la que a\u00fan le da \u00f3rdenes\u2014.<\/p>\n\n\n\n<p>As\u00ed por conflictos no parar\u00e1 la Secci\u00f3n 22 del SNTE, mientras que el titular del IEEPO trata de hacer amarres al viejo estilo priista: regalando dinero a manos llenas por aqu\u00ed y por all\u00e1 a dique grupos representativos del magisterio. Pero yerra constantemente, sin obtener resultados \u00f3ptimos.<\/p>\n\n\n\n<p>En cambio, a trav\u00e9s de Abel Jes\u00fas Leyva Gandarillas, contin\u00faa en los negocios, como se demostr\u00f3 recientemente, por voz del propio Emilio Montero: eroga al a\u00f1o 84 millones de pesos s\u00f3lo en oficinas, muchas de ellas de lujo y en la zona exclusiva de San Felipe del Agua en la capital. Y faltan por revelarse otros cuantiosos desv\u00edos de recursos.<\/p>\n","protected":false},"excerpt":{"rendered":"<p>Ismael Garc\u00eda M.\/Zona Roja. Oaxaca, Oax., a 3 de febrero de 2025.- Las negligencias del&hellip;<\/p>\n","protected":false},"author":2,"featured_media":67529,"comment_status":"closed","ping_status":"open","sticky":false,"template":"","format":"standard","meta":{"_lmt_disableupdate":"","_lmt_disable":"","_jetpack_memberships_contains_paid_content":false,"footnotes":""},"categories":[456,109,48],"tags":[1353],"class_list":["post-77145","post","type-post","status-publish","format-standard","has-post-thumbnail","hentry","category-columna","category-minuto-a-minuto","category-zona-critica","tag-opinion-zona-critica"],"jetpack_featured_media_url":"https:\/\/zonaroja.com.mx\/wp-content\/uploads\/2024\/04\/Opinion-Zona-Critica-Ismael-Garcia.jpg","jetpack_sharing_enabled":true,"_links":{"self":[{"href":"https:\/\/zonaroja.com.mx\/index.php?rest_route=\/wp\/v2\/posts\/77145","targetHints":{"allow":["GET"]}}],"collection":[{"href":"https:\/\/zonaroja.com.mx\/index.php?rest_route=\/wp\/v2\/posts"}],"about":[{"href":"https:\/\/zonaroja.com.mx\/index.php?rest_route=\/wp\/v2\/types\/post"}],"author":[{"embeddable":true,"href":"https:\/\/zonaroja.com.mx\/index.php?rest_route=\/wp\/v2\/users\/2"}],"replies":[{"embeddable":true,"href":"https:\/\/zonaroja.com.mx\/index.php?rest_route=%2Fwp%2Fv2%2Fcomments&post=77145"}],"version-history":[{"count":1,"href":"https:\/\/zonaroja.com.mx\/index.php?rest_route=\/wp\/v2\/posts\/77145\/revisions"}],"predecessor-version":[{"id":77146,"href":"https:\/\/zonaroja.com.mx\/index.php?rest_route=\/wp\/v2\/posts\/77145\/revisions\/77146"}],"wp:featuredmedia":[{"embeddable":true,"href":"https:\/\/zonaroja.com.mx\/index.php?rest_route=\/wp\/v2\/media\/67529"}],"wp:attachment":[{"href":"https:\/\/zonaroja.com.mx\/index.php?rest_route=%2Fwp%2Fv2%2Fmedia&parent=77145"}],"wp:term":[{"taxonomy":"category","embeddable":true,"href":"https:\/\/zonaroja.com.mx\/index.php?rest_route=%2Fwp%2Fv2%2Fcategories&post=77145"},{"taxonomy":"post_tag","embeddable":true,"href":"https:\/\/zonaroja.com.mx\/index.php?rest_route=%2Fwp%2Fv2%2Ftags&post=77145"}],"curies":[{"name":"wp","href":"https:\/\/api.w.org\/{rel}","templated":true}]}}