{"id":77150,"date":"2025-02-03T08:15:00","date_gmt":"2025-02-03T14:15:00","guid":{"rendered":"https:\/\/zonaroja.com.mx\/?p=77150"},"modified":"2025-02-03T06:50:46","modified_gmt":"2025-02-03T12:50:46","slug":"escucha-gobierno-a-comunidades-triquis-tras-megamarcha","status":"publish","type":"post","link":"https:\/\/zonaroja.com.mx\/?p=77150","title":{"rendered":"Escucha gobierno a comunidades triquis, tras megamarcha"},"content":{"rendered":"\n<p>Redacci\u00f3n\/Zona Roja.<\/p>\n\n\n\n<p>Oaxaca de Ju\u00e1rez, Oax., a 3 de febrero de 2025.- En un clima de respeto y apertura, el gobernador Salom\u00f3n Jara Cruz recibi\u00f3 en Palacio de Gobierno a mujeres y hombres que militan en el Movimiento Unificador de Lucha Triqui (MULT), de quienes escuch\u00f3 sus demandas de car\u00e1cter social y de justicia.<\/p>\n\n\n\n<p>Con franqueza, el mandatario estatal reconoci\u00f3 que los planteamientos que hacen las y los integrantes de esta organizaci\u00f3n social, con amplia historia en la lucha social de Oaxaca, que data de hace 44 a\u00f1os, son justos.<\/p>\n\n\n\n<p>\u201cEsta jornada de lucha tiene una sola causa, la causa de la justicia. Hay muchas cosas que nos unen: la lucha por las reivindicaciones sociales de los pueblos, porque haya justicia, para que se le reconozca a nuestros pueblos como pueblos originarios\u201d, dijo.&nbsp;<\/p>\n\n\n\n<p>Acompa\u00f1ado del secretario de Gobierno, Jos\u00e9 de Jes\u00fas Romero L\u00f3pez, Jara Cruz afirm\u00f3 que el MULT a trav\u00e9s de sus proyectos, apoya a mantener la estabilidad social en las comunidades de Oaxaca en los que tiene presencia, tales como: los y las ni\u00f1as basquetbolistas, la banda de m\u00fasica y, recientemente, participando en la Guelaguetza.<\/p>\n\n\n\n<p>\u201cUstedes est\u00e1n cambiando el modelo de violencia por la paz, les reconocemos esto\u201d, agreg\u00f3.<\/p>\n\n\n\n<p>LAS RESPUESTAS<\/p>\n\n\n\n<p>El Gobernador del Estado inform\u00f3 que el camino que va de San Sebasti\u00e1n Tecomaxtlahuaca a Coicoy\u00e1n de las Flores se va a completar, al 100 por ciento, con obras complementarias, como puentes y cunetas.<\/p>\n\n\n\n<p>Aunado a los proyectos y programas estatales, a\u00f1adi\u00f3, el Gobierno de M\u00e9xico, que encabeza la Presidenta Claudia Sheinbaum Pardo implementa en las comunidades de la regi\u00f3n Triqui diversas acciones, como: el financiamiento directo en materia de salud a trav\u00e9s de La Cl\u00ednica es Nuestra; y a partir del primero de marzo pr\u00f3ximo, habr\u00e1 el 100 por ciento de abasto de medicinas en todas las cl\u00ednicas y todos los hospitales.<\/p>\n\n\n\n<p>En materia educativa, todas las escuelas van a tener La Escuela es Nuestra, aunado a los apoyos estatales que se otorgan mediante el Instituto Estatal de Educaci\u00f3n P\u00fablica de Oaxaca (IEEPO) y del Instituto Oaxaque\u00f1o Constructor de Infraestructura Educativa (Iocied).<\/p>\n\n\n\n<p>El gobierno federal implementa, a partir de este a\u00f1o, la Beca \u201cRita Cetina\u201d, a ni\u00f1as y ni\u00f1os que cursan su educaci\u00f3n b\u00e1sica; y que, en esta primera etapa, solo se entregar\u00e1 al estudiantado de secundarias.<\/p>\n\n\n\n<p>Asimismo, la administraci\u00f3n de Salom\u00f3n Jara realizar\u00e1 las gestiones ante L\u00e1zaro C\u00e1rdenas Batel, responsable del programa federal general L\u00e1zaro C\u00e1rdenas del R\u00edo, que en su \u00faltima visita anunci\u00f3 la Presidenta de M\u00e9xico; para que incluya algunos de las peticiones que hace el MULT.<\/p>\n\n\n\n<figure class=\"wp-block-embed is-type-rich is-provider-twitter wp-block-embed-twitter\"><div class=\"wp-block-embed__wrapper\">\n<div class=\"twitter-tweet\"><blockquote class=\"twitter-tweet\" data-lang=\"es\"><p lang=\"es\" dir=\"ltr\">Al t\u00e9rmino de la megamarcha del MULT y otras organizaciones sociales, el mandatario <a href=\"https:\/\/twitter.com\/salomonj?ref_src=twsrc%5Etfw\">@salomonj<\/a> recibi\u00f3 en el Palacio de Gobierno a una representaci\u00f3n, con la finalidad de escuchar y atender sus demandas. <a href=\"https:\/\/t.co\/XupY2DEpod\">pic.twitter.com\/XupY2DEpod<\/a><\/p>&mdash; Zona Roja Oaxaca (@ZonaRoja_Oaxaca) <a href=\"https:\/\/twitter.com\/ZonaRoja_Oaxaca\/status\/1886249188163473541?ref_src=twsrc%5Etfw\">3 de febrero de 2025<\/a><\/blockquote><\/div>\n<\/div><\/figure>\n\n\n\n<p>ATENCI\u00d3N A TODOS<\/p>\n\n\n\n<p>A diferencia de los gobiernos anteriores, la Primavera Oaxaque\u00f1a, con la mano amiga de la administraci\u00f3n de Claudia Sheinbaum, se atiende a todos los municipios de la entidad.<\/p>\n\n\n\n<p>\u201cHoy a los 570 municipios estamos apoy\u00e1ndolos porque lo sentimos como una obligaci\u00f3n, y un derecho que tienen los pueblos de recibir un apoyo extraordinario o ayudarlos; porque los recursos que tienen en sus municipios no es suficiente\u201d, agreg\u00f3 Jara Cruz, al tiempo que record\u00f3 el olvido de los gobiernos del pasado, que mantuvo a los pueblos en la marginaci\u00f3n.<\/p>\n\n\n\n<p>En este encuentro, el Fiscal General del Estado, Jos\u00e9 Bernardo Rodr\u00edguez Alamilla mencion\u00f3 que hay un compromiso por atender las peticiones en materia de seguridad, a causa de la violencia que ha vivido esta organizaci\u00f3n.<\/p>\n\n\n\n<p>\u201cLa oferta es que nos podamos sentar con quien ustedes quieran para informarles avances en tema de seguridad y tratar de eficientar el trabajo que el d\u00eda de hoy estamos se\u00f1alando\u201d, coment\u00f3.<\/p>\n\n\n\n<p>En esta reuni\u00f3n se acord\u00f3 una ruta de atenci\u00f3n de las peticiones formuladas, en una mesa social y de justicia, a realizarse el jueves pr\u00f3ximo.<\/p>\n\n\n\n<p>RECONOCEN LABOR&nbsp;<\/p>\n\n\n\n<p>Por su parte, representantes del MULT en diversas comunidades reconocieron el esfuerzo del Gobierno del Estado en favor del bienestar de Oaxaca.<\/p>\n\n\n\n<p>El coordinador estatal de este Movimiento, Octavio de Jes\u00fas D\u00edaz, expuso que, sin embargo, hay asuntos pendientes como el esclarecimiento de los asesinatos de varios de sus compa\u00f1eras y compa\u00f1eros y respuesta a las peticiones de car\u00e1cter social para beneficiar a 17 mil de sus integrantes.<\/p>\n\n\n\n<p>\u201cEl MULT propone la paz y no la guerra; queremos sumar y nos restar. Vamos, juntos, muchas organizaciones para poder alcanzar la paz en nuestra regi\u00f3n, un plan integral para nuestra naci\u00f3n Triqui\u201d, expres\u00f3.<\/p>\n\n\n\n<p>Pascual de Jes\u00fas Gonz\u00e1lez, l\u00edder hist\u00f3rico de esta organizaci\u00f3n, destac\u00f3 que el Gobierno que encabeza Salom\u00f3n Jara Cruz destaca por dar resultados y ser cercano a la gente, como nunca se ha vivido en el estado. \u201cNo es como el de Murat o el de V\u00e1zquez Colmenares\u201d, dijo.<\/p>\n","protected":false},"excerpt":{"rendered":"<p>Redacci\u00f3n\/Zona Roja. Oaxaca de Ju\u00e1rez, Oax., a 3 de febrero de 2025.- En un clima&hellip;<\/p>\n","protected":false},"author":2,"featured_media":77151,"comment_status":"closed","ping_status":"open","sticky":false,"template":"","format":"standard","meta":{"_lmt_disableupdate":"","_lmt_disable":"","_jetpack_memberships_contains_paid_content":false,"footnotes":""},"categories":[109,46],"tags":[939],"class_list":["post-77150","post","type-post","status-publish","format-standard","has-post-thumbnail","hentry","category-minuto-a-minuto","category-zona-blanca","tag-salomon-jara-cruz"],"jetpack_featured_media_url":"https:\/\/zonaroja.com.mx\/wp-content\/uploads\/2025\/02\/Salomon-Jara-reunion-con-MULT.jpeg","jetpack_sharing_enabled":true,"_links":{"self":[{"href":"https:\/\/zonaroja.com.mx\/index.php?rest_route=\/wp\/v2\/posts\/77150","targetHints":{"allow":["GET"]}}],"collection":[{"href":"https:\/\/zonaroja.com.mx\/index.php?rest_route=\/wp\/v2\/posts"}],"about":[{"href":"https:\/\/zonaroja.com.mx\/index.php?rest_route=\/wp\/v2\/types\/post"}],"author":[{"embeddable":true,"href":"https:\/\/zonaroja.com.mx\/index.php?rest_route=\/wp\/v2\/users\/2"}],"replies":[{"embeddable":true,"href":"https:\/\/zonaroja.com.mx\/index.php?rest_route=%2Fwp%2Fv2%2Fcomments&post=77150"}],"version-history":[{"count":1,"href":"https:\/\/zonaroja.com.mx\/index.php?rest_route=\/wp\/v2\/posts\/77150\/revisions"}],"predecessor-version":[{"id":77152,"href":"https:\/\/zonaroja.com.mx\/index.php?rest_route=\/wp\/v2\/posts\/77150\/revisions\/77152"}],"wp:featuredmedia":[{"embeddable":true,"href":"https:\/\/zonaroja.com.mx\/index.php?rest_route=\/wp\/v2\/media\/77151"}],"wp:attachment":[{"href":"https:\/\/zonaroja.com.mx\/index.php?rest_route=%2Fwp%2Fv2%2Fmedia&parent=77150"}],"wp:term":[{"taxonomy":"category","embeddable":true,"href":"https:\/\/zonaroja.com.mx\/index.php?rest_route=%2Fwp%2Fv2%2Fcategories&post=77150"},{"taxonomy":"post_tag","embeddable":true,"href":"https:\/\/zonaroja.com.mx\/index.php?rest_route=%2Fwp%2Fv2%2Ftags&post=77150"}],"curies":[{"name":"wp","href":"https:\/\/api.w.org\/{rel}","templated":true}]}}