{"id":77153,"date":"2025-02-03T09:15:00","date_gmt":"2025-02-03T15:15:00","guid":{"rendered":"https:\/\/zonaroja.com.mx\/?p=77153"},"modified":"2025-02-03T06:54:44","modified_gmt":"2025-02-03T12:54:44","slug":"trump-hablara-con-sheinbaum-y-trudeau-sobre-los-aranceles-este-lunes","status":"publish","type":"post","link":"https:\/\/zonaroja.com.mx\/?p=77153","title":{"rendered":"Trump hablar\u00e1 con Sheinbaum y Trudeau sobre los aranceles, este lunes"},"content":{"rendered":"\n<p>Redacci\u00f3n\/Zona Roja Cdmx.<\/p>\n\n\n\n<p>Ciudad de M\u00e9xico, a 3 de febrero de 2025.- El presidente de los Estados Unidos, Donald Trump, adelant\u00f3 que este lunes se comunicar\u00e1 con el primer ministro de Canad\u00e1, Justin Trudeau, y la presidenta de M\u00e9xico, Claudia Sheinbaum, para abordar el tema de los aranceles del 25% que orden\u00f3 aplicar a partir del 4 de febrero.<\/p>\n\n\n\n<p>\u201cHablar\u00e9 con el primer ministro Trudeau ma\u00f1ana por la ma\u00f1ana (hoy) y tambi\u00e9n hablar\u00e9 con M\u00e9xico ma\u00f1ana por la ma\u00f1ana. Y no espero nada muy dram\u00e1tico. Imponemos aranceles. Nos deben mucho dinero y estoy seguro de que van a pagar\u201d, dijo Trump, quien sostiene que su pa\u00eds presenta un gran d\u00e9ficit comercial con sus socios de Norteam\u00e9rica.<\/p>\n\n\n\n<p>El mandatario norteamericano justific\u00f3 las tarifas comerciales a sus socios al considerar que el d\u00e9ficit comercial est\u00e1 ayudando al alza de la deuda de Estados Unidos, que seg\u00fan sus declaraciones rebasa los 36 billones de d\u00f3lares.<\/p>\n\n\n\n<p>\u201cHa sido injusto. Por eso debemos 36 billones de d\u00f3lares; tenemos d\u00e9ficit con todo el mundo\u201d, expres\u00f3 Trump antes de abordar el avi\u00f3n que lo lleva de regreso a la ciudad de Washington, tras pasar el fin de semana en su mansi\u00f3n privada de Mar-a-Lago, en Florida.<\/p>\n\n\n\n<p>Trump afirm\u00f3 que mantendr\u00e1 su pol\u00edtica arancelaria no s\u00f3lo con M\u00e9xico y Canad\u00e1, sino con China y otros pa\u00edses que \u201chan estafado\u201d a su pa\u00eds durante d\u00e9cadas en el intercambio comercial.<\/p>\n\n\n\n<p>En cuanto a su relaci\u00f3n con M\u00e9xico, el presidente de EEUU se\u00f1al\u00f3 que desde que asumi\u00f3 su segundo mandato ha disminuido de forma dr\u00e1stica el n\u00famero de migrantes que llegan a la frontera entre M\u00e9xico y Estados Unidos.<\/p>\n\n\n\n<p>LA RESPUESTA<\/p>\n\n\n\n<p>Luego que Donald Trump hizo realidad la amenaza de aplicar aranceles del 25% a los productos de M\u00e9xico, la respuesta de la presidenta Claudia Sheinbaum fue la de mantener los canales de di\u00e1logo y negociaci\u00f3n.<\/p>\n\n\n\n<p>\u201cM\u00e9xico no quiere confrontaci\u00f3n. Partimos de la colaboraci\u00f3n entre pa\u00edses vecinos (&#8230;) si Estados Unidos quiere combatir a los grupos delictivos y quiere que lo hagamos conjuntamente, debemos trabajar en forma integral\u201d, dijo Sheinbaum en un video mensaje en sus redes sociales este domingo.<\/p>\n\n\n\n<p>\u201cPero siempre bajo principios, los principios de responsabilidad compartida, de confianza mutua, de colaboraci\u00f3n y sobre todo respeto a la soberan\u00eda. La soberan\u00eda no es negociable. Coordinaci\u00f3n s\u00ed, subordinaci\u00f3n no\u201d, a\u00f1adi\u00f3 la presidenta de M\u00e9xico.<\/p>\n\n\n\n<p>(Informaci\u00f3n de Infobae M\u00e9xico)<\/p>\n","protected":false},"excerpt":{"rendered":"<p>Redacci\u00f3n\/Zona Roja Cdmx. Ciudad de M\u00e9xico, a 3 de febrero de 2025.- El presidente de&hellip;<\/p>\n","protected":false},"author":2,"featured_media":77154,"comment_status":"closed","ping_status":"open","sticky":false,"template":"","format":"standard","meta":{"_lmt_disableupdate":"","_lmt_disable":"","_jetpack_memberships_contains_paid_content":false,"footnotes":""},"categories":[109,46],"tags":[1060],"class_list":["post-77153","post","type-post","status-publish","format-standard","has-post-thumbnail","hentry","category-minuto-a-minuto","category-zona-blanca","tag-donald-trump"],"jetpack_featured_media_url":"https:\/\/zonaroja.com.mx\/wp-content\/uploads\/2025\/02\/Donald-Trump-y-claudia-Sheinbaum.jpg","jetpack_sharing_enabled":true,"_links":{"self":[{"href":"https:\/\/zonaroja.com.mx\/index.php?rest_route=\/wp\/v2\/posts\/77153","targetHints":{"allow":["GET"]}}],"collection":[{"href":"https:\/\/zonaroja.com.mx\/index.php?rest_route=\/wp\/v2\/posts"}],"about":[{"href":"https:\/\/zonaroja.com.mx\/index.php?rest_route=\/wp\/v2\/types\/post"}],"author":[{"embeddable":true,"href":"https:\/\/zonaroja.com.mx\/index.php?rest_route=\/wp\/v2\/users\/2"}],"replies":[{"embeddable":true,"href":"https:\/\/zonaroja.com.mx\/index.php?rest_route=%2Fwp%2Fv2%2Fcomments&post=77153"}],"version-history":[{"count":1,"href":"https:\/\/zonaroja.com.mx\/index.php?rest_route=\/wp\/v2\/posts\/77153\/revisions"}],"predecessor-version":[{"id":77155,"href":"https:\/\/zonaroja.com.mx\/index.php?rest_route=\/wp\/v2\/posts\/77153\/revisions\/77155"}],"wp:featuredmedia":[{"embeddable":true,"href":"https:\/\/zonaroja.com.mx\/index.php?rest_route=\/wp\/v2\/media\/77154"}],"wp:attachment":[{"href":"https:\/\/zonaroja.com.mx\/index.php?rest_route=%2Fwp%2Fv2%2Fmedia&parent=77153"}],"wp:term":[{"taxonomy":"category","embeddable":true,"href":"https:\/\/zonaroja.com.mx\/index.php?rest_route=%2Fwp%2Fv2%2Fcategories&post=77153"},{"taxonomy":"post_tag","embeddable":true,"href":"https:\/\/zonaroja.com.mx\/index.php?rest_route=%2Fwp%2Fv2%2Ftags&post=77153"}],"curies":[{"name":"wp","href":"https:\/\/api.w.org\/{rel}","templated":true}]}}