{"id":77159,"date":"2025-02-03T11:30:00","date_gmt":"2025-02-03T17:30:00","guid":{"rendered":"https:\/\/zonaroja.com.mx\/?p=77159"},"modified":"2025-02-03T07:31:42","modified_gmt":"2025-02-03T13:31:42","slug":"accidentes-dejan-al-menos-tres-muertos-el-domingo-en-oaxaca","status":"publish","type":"post","link":"https:\/\/zonaroja.com.mx\/?p=77159","title":{"rendered":"Accidentes dejan al menos tres muertos el domingo, en Oaxaca"},"content":{"rendered":"\n<p>Raymundo Morales\/Zona Roja.<\/p>\n\n\n\n<p>Oaxaca de Ju\u00e1rez, Oax., a 3 de febrero de 2025.- Al menos tres personas fallecidas y una decena de heridos es el saldo del domingo y esta madrugada a causa de diversos accidentes en vialidades del estado de Oaxaca.<\/p>\n\n\n\n<p>El m\u00e1s reciente caso ocurri\u00f3 en las primeras horas de este lunes, en que un motociclista perdi\u00f3 la vida tras ser arrollado, en el libramiento de la carretera 190 de Santa Mar\u00eda El Tule, en la regi\u00f3n Valles Centrales.<\/p>\n\n\n\n<p>Anoche, en Huajuapan de Le\u00f3n, regi\u00f3n Mixteca, una persona del sexo masculino perdi\u00f3 la vida, en la carretera federal 190 a la altura de la rotonda Jarabe Mixteco; adem\u00e1s, una mujer result\u00f3 lesionada.<\/p>\n\n\n\n<p>En el sitio s\u00f3lo quedaron restos de la unidad de motor que caus\u00f3 el percance, cuyo conductor aceler\u00f3 la marcha para huir.<\/p>\n\n\n\n<p>Mientras que ayer por la ma\u00f1ana en la supercaretera 135D Salina Cruz-La Ventosa, regi\u00f3n del Istmo, se suscit\u00f3 un ch\u00f3quenlos entre dos unidades de motor, a la altura del entronque hacia Lachiguiri.<\/p>\n\n\n\n<p>El saldo fue de una persona fallecida y seis lesionadas, varias de ellas de gravedad, que fueron trasladadas a un hospital de Santo Domingo Tehuantepec.<\/p>\n\n\n\n<p>En una unidad viajaban integrantes de una familia que proced\u00edan de la ciudad de Oaxaca y eran originarios del municipio de Ciudad Ixtepec.<\/p>\n\n\n\n<p>Otro percance ocurri\u00f3 tambi\u00e9n ayer en la supercarretera Oaxaca-Istmo, reci\u00e9n inaugurada, a la altura del entronque a Guiechiquero en jurisdicci\u00f3n del municipio de Jalapa del Marqu\u00e9s, que dej\u00f3 como saldo dos personas lesionadas, a bordo de un veh\u00edculo compacto particular.<\/p>\n\n\n\n<p>Mientras que ayer tambi\u00e9n pero en la v\u00eda federal Panamericana, a la altura del crucero al centro de Juchit\u00e1n de Zaragoza, se registr\u00f3 otro percance entre un taxi y un cami\u00f3n de carga pesada, con saldo de una persona lesionada.<\/p>\n","protected":false},"excerpt":{"rendered":"<p>Raymundo Morales\/Zona Roja. Oaxaca de Ju\u00e1rez, Oax., a 3 de febrero de 2025.- Al menos&hellip;<\/p>\n","protected":false},"author":2,"featured_media":77162,"comment_status":"closed","ping_status":"open","sticky":false,"template":"","format":"standard","meta":{"_lmt_disableupdate":"","_lmt_disable":"","_jetpack_memberships_contains_paid_content":false,"footnotes":""},"categories":[109,47],"tags":[3416],"class_list":["post-77159","post","type-post","status-publish","format-standard","has-post-thumbnail","hentry","category-minuto-a-minuto","category-zona-gris","tag-accidentes-carreteros-oaxaca"],"jetpack_featured_media_url":"https:\/\/zonaroja.com.mx\/wp-content\/uploads\/2025\/02\/Accidente-superrcarretera-Istmo.jpeg","jetpack_sharing_enabled":true,"_links":{"self":[{"href":"https:\/\/zonaroja.com.mx\/index.php?rest_route=\/wp\/v2\/posts\/77159","targetHints":{"allow":["GET"]}}],"collection":[{"href":"https:\/\/zonaroja.com.mx\/index.php?rest_route=\/wp\/v2\/posts"}],"about":[{"href":"https:\/\/zonaroja.com.mx\/index.php?rest_route=\/wp\/v2\/types\/post"}],"author":[{"embeddable":true,"href":"https:\/\/zonaroja.com.mx\/index.php?rest_route=\/wp\/v2\/users\/2"}],"replies":[{"embeddable":true,"href":"https:\/\/zonaroja.com.mx\/index.php?rest_route=%2Fwp%2Fv2%2Fcomments&post=77159"}],"version-history":[{"count":1,"href":"https:\/\/zonaroja.com.mx\/index.php?rest_route=\/wp\/v2\/posts\/77159\/revisions"}],"predecessor-version":[{"id":77163,"href":"https:\/\/zonaroja.com.mx\/index.php?rest_route=\/wp\/v2\/posts\/77159\/revisions\/77163"}],"wp:featuredmedia":[{"embeddable":true,"href":"https:\/\/zonaroja.com.mx\/index.php?rest_route=\/wp\/v2\/media\/77162"}],"wp:attachment":[{"href":"https:\/\/zonaroja.com.mx\/index.php?rest_route=%2Fwp%2Fv2%2Fmedia&parent=77159"}],"wp:term":[{"taxonomy":"category","embeddable":true,"href":"https:\/\/zonaroja.com.mx\/index.php?rest_route=%2Fwp%2Fv2%2Fcategories&post=77159"},{"taxonomy":"post_tag","embeddable":true,"href":"https:\/\/zonaroja.com.mx\/index.php?rest_route=%2Fwp%2Fv2%2Ftags&post=77159"}],"curies":[{"name":"wp","href":"https:\/\/api.w.org\/{rel}","templated":true}]}}