{"id":77164,"date":"2025-02-03T07:34:41","date_gmt":"2025-02-03T13:34:41","guid":{"rendered":"https:\/\/zonaroja.com.mx\/?p=77164"},"modified":"2025-02-03T07:34:44","modified_gmt":"2025-02-03T13:34:44","slug":"en-culiacan-cuarto-ataque-de-criminales-a-paramedicos-en-11-dias","status":"publish","type":"post","link":"https:\/\/zonaroja.com.mx\/?p=77164","title":{"rendered":"En Culiac\u00e1n, cuarto ataque de criminales a param\u00e9dicos en 11 d\u00edas"},"content":{"rendered":"\n<p>Redacci\u00f3n\/Zona Roja Cdmx.<\/p>\n\n\n\n<p>Ciudad de M\u00e9xico, a 3 de febrero de 2025.- Param\u00e9dicos de la Cruz Roja fueron agredidos por cuarta ocasi\u00f3n en 11 d\u00edas por presuntos delincuentes en Culiac\u00e1n, por lo que un grupo de socorristas voluntarios anunciaron que suspender\u00e1n sus servicios temporalmente y realizar\u00e1n una protesta pac\u00edfica hoy para exigir seguridad.<\/p>\n\n\n\n<p>\u201cEl riesgo y los niveles de violencia contra nosotros son cada vez mayores y con mayor frecuencia; estos actos nos impiden cumplir con nuestra labor humanitaria, la gente nos necesita y nosotros no podemos llegar\u201d, reprocharon en un comunicado.<\/p>\n\n\n\n<p>Precisaron que no representan una postura oficial de la Cruz Roja Mexicana, pero tomaron esta decisi\u00f3n, porque la violencia que enfrentaron en los \u00faltimos d\u00edas les gener\u00f3 temor de salir lastimados o incluso de perder la vida.<\/p>\n\n\n\n<p>Lo anterior, luego de que la noche del pasado viernes, en la colonia Lombardo Toledano, sujetos armados interceptaron una ambulancia que se dirig\u00eda a dar un servicio y bajaron a dos voluntarios, mujer y hombre; a la primera le pegaron en la cabeza y al segundo le ataron las manos con cinturones, adem\u00e1s de que lo golpearon contra el veh\u00edculo. Luego de un rato liberaron a ambos.<\/p>\n\n\n\n<p>En el documento que difundieron los afectados por estas situaciones \u2013que son consecuencia del incremento de la violencia en la ciudad a partir del 9 de septiembre pasado, cuando comenz\u00f3 una disputa entre las dos principales facciones del c\u00e1rtel de Sinaloa\u2013 recordaron que han sufrido otros tres ataques en menos de dos semanas.<\/p>\n\n\n\n<p>Uno de ellos fue el cometido el lunes 20 de enero, cuando desconocidos le cerraron el paso a una unidad de la Cruz Roja y amenazaron a los elementos de apoyo que ven\u00edan de atender a un enfermo.<\/p>\n\n\n\n<p>Tres d\u00edas despu\u00e9s varios sujetos detuvieron otra ambulancia y asesinaron a un hombre herido de bala que era trasladado a un hospital para su atenci\u00f3n m\u00e9dica.<\/p>\n\n\n\n<p>El 25 de este mismo mes algunos individuos amagaron con armas de fuego a tres socorristas por varios minutos, por lo que a pesar de que ten\u00eda llamados de la ciudadan\u00eda no pudieron salir a auxiliarlos.<\/p>\n\n\n\n<p>Al respecto, el secretario general de Gobierno estatal, Feliciano Castro Mel\u00e9ndrez, refiri\u00f3 que Carlos Bloch, delegado de Cruz Roja en el estado neg\u00f3 que exista oficialmente una convocatoria de sus colaboradores para manifestarse, en todo caso, refiri\u00f3, ser\u00e1 de manera personal.<\/p>\n\n\n\n<p>Precis\u00f3 que ayer por la ma\u00f1ana, \u00d3scar Renter\u00eda Schazarino, secretario de Seguridad de la entidad, dialog\u00f3 con Bloch y acordaron que en las unidades de la instituci\u00f3n se empleen radios de comunicaci\u00f3n.<\/p>\n\n\n\n<p>A\u00f1adi\u00f3 que antes ya hab\u00edan sostenido dos reuniones donde se estableci\u00f3 que est\u00e1n a disposici\u00f3n de la Cruz Roja dos patrullas de seguridad estatal y una municipal para dar acompa\u00f1amiento permanente a las ambulancias.<\/p>\n\n\n\n<p>En este contexto, ayer un hombre y una mujer fueron asesinados a balazos cuando circulaban en una motocicleta por calles de la colonia Antonio Toledo Corro, ubicada al sur de la ciudad.<\/p>\n\n\n\n<p>(Con informaci\u00f3n de&nbsp;\u201cEl Debate de Sinaloa\u201d, en \u201cLa Jornada\u201d)<\/p>\n","protected":false},"excerpt":{"rendered":"<p>Redacci\u00f3n\/Zona Roja Cdmx. Ciudad de M\u00e9xico, a 3 de febrero de 2025.- Param\u00e9dicos de la&hellip;<\/p>\n","protected":false},"author":2,"featured_media":77165,"comment_status":"closed","ping_status":"open","sticky":false,"template":"","format":"standard","meta":{"_lmt_disableupdate":"","_lmt_disable":"","_jetpack_memberships_contains_paid_content":false,"footnotes":""},"categories":[109,47],"tags":[4146],"class_list":["post-77164","post","type-post","status-publish","format-standard","has-post-thumbnail","hentry","category-minuto-a-minuto","category-zona-gris","tag-violencia-en-sinaloa"],"jetpack_featured_media_url":"https:\/\/zonaroja.com.mx\/wp-content\/uploads\/2025\/02\/Socorristas-agredidos-Culiacan.jpg.webp","jetpack_sharing_enabled":true,"_links":{"self":[{"href":"https:\/\/zonaroja.com.mx\/index.php?rest_route=\/wp\/v2\/posts\/77164","targetHints":{"allow":["GET"]}}],"collection":[{"href":"https:\/\/zonaroja.com.mx\/index.php?rest_route=\/wp\/v2\/posts"}],"about":[{"href":"https:\/\/zonaroja.com.mx\/index.php?rest_route=\/wp\/v2\/types\/post"}],"author":[{"embeddable":true,"href":"https:\/\/zonaroja.com.mx\/index.php?rest_route=\/wp\/v2\/users\/2"}],"replies":[{"embeddable":true,"href":"https:\/\/zonaroja.com.mx\/index.php?rest_route=%2Fwp%2Fv2%2Fcomments&post=77164"}],"version-history":[{"count":1,"href":"https:\/\/zonaroja.com.mx\/index.php?rest_route=\/wp\/v2\/posts\/77164\/revisions"}],"predecessor-version":[{"id":77166,"href":"https:\/\/zonaroja.com.mx\/index.php?rest_route=\/wp\/v2\/posts\/77164\/revisions\/77166"}],"wp:featuredmedia":[{"embeddable":true,"href":"https:\/\/zonaroja.com.mx\/index.php?rest_route=\/wp\/v2\/media\/77165"}],"wp:attachment":[{"href":"https:\/\/zonaroja.com.mx\/index.php?rest_route=%2Fwp%2Fv2%2Fmedia&parent=77164"}],"wp:term":[{"taxonomy":"category","embeddable":true,"href":"https:\/\/zonaroja.com.mx\/index.php?rest_route=%2Fwp%2Fv2%2Fcategories&post=77164"},{"taxonomy":"post_tag","embeddable":true,"href":"https:\/\/zonaroja.com.mx\/index.php?rest_route=%2Fwp%2Fv2%2Ftags&post=77164"}],"curies":[{"name":"wp","href":"https:\/\/api.w.org\/{rel}","templated":true}]}}