{"id":77172,"date":"2025-02-03T19:57:05","date_gmt":"2025-02-04T01:57:05","guid":{"rendered":"https:\/\/zonaroja.com.mx\/?p=77172"},"modified":"2025-02-03T19:57:07","modified_gmt":"2025-02-04T01:57:07","slug":"recula-trump-y-aplaza-aranceles-sheinbaum-una-maravillosa-mujer","status":"publish","type":"post","link":"https:\/\/zonaroja.com.mx\/?p=77172","title":{"rendered":"Recula Trump y aplaza aranceles; Sheinbaum, una \u201cmaravillosa\u201d mujer"},"content":{"rendered":"\n<p>Redacci\u00f3n\/Zona Roja Cdmx.<\/p>\n\n\n\n<p>Ciudad de M\u00e9xico, a 3 de febrero de 2025. El presidente de Estados Unidos, Donald Trump, detall\u00f3 su \u00abgran conversaci\u00f3n\u00bb telef\u00f3nica con la presidenta de M\u00e9xico, Claudia Sheinbaum, a quien calific\u00f3 como una mujer \u00abmaravillosa\u00bb, y tras la que acordaron pausar los aranceles del 25 por ciento a las importaciones mexicanas y reforzar la seguridad en su frontera com\u00fan.&nbsp;<\/p>\n\n\n\n<p>\u00abTuvimos una gran conversaci\u00f3n con M\u00e9xico. La presidenta Sheinbaum es una maravillosa mujer. Me cae muy bien. Hemos tenido buenas relaciones, pero nosotros queremos frenar la llegada del fentanilo\u00bb, declar\u00f3 ante periodistas en la Casa Blanca.&nbsp;<\/p>\n\n\n\n<p>Sin embargo, aclar\u00f3 Trump, \u00abme caiga bien o no alguien, debemos detener la entrada ilegal de migrantes\u00bb a territorio estadunidense.&nbsp;<\/p>\n\n\n\n<p>Por otra parte, el republicano elogi\u00f3 la decisi\u00f3n de Sheinbaum de enviar 10 mil elementos de la Guardia Nacional mexicana a la frontera entre ambas naciones para ayudar en el combate al tr\u00e1fico.&nbsp;<\/p>\n\n\n\n<p>As\u00ed que, subray\u00f3 el mandatario estadunidense desde la Oficina Oval, la llamada con M\u00e9xico fue muy buena pues son \u00abmuy fuertes\u00bb en nuestra frontera, y \u00abpondran soldados ah\u00ed\u00bb.<\/p>\n\n\n\n<p>Al preguntarle si cedi\u00f3 ante la imposici\u00f3n de aranceles, Trump rechaz\u00f3 haber cedido y dijo que si M\u00e9xico no logra frenar la entrada de migrantes ilegales y fentanilo habr\u00e1 una \u00abpenalizaci\u00f3n\u00bb.&nbsp;<\/p>\n\n\n\n<p>(Informaci\u00f3n de \u201cLa Jornada\u201d)<\/p>\n","protected":false},"excerpt":{"rendered":"<p>Redacci\u00f3n\/Zona Roja Cdmx. Ciudad de M\u00e9xico, a 3 de febrero de 2025. El presidente de&hellip;<\/p>\n","protected":false},"author":2,"featured_media":75790,"comment_status":"closed","ping_status":"open","sticky":false,"template":"","format":"standard","meta":{"_lmt_disableupdate":"","_lmt_disable":"","_jetpack_memberships_contains_paid_content":false,"footnotes":""},"categories":[109,49],"tags":[3370,1060],"class_list":["post-77172","post","type-post","status-publish","format-standard","has-post-thumbnail","hentry","category-minuto-a-minuto","category-zona-fresa","tag-claudia-sheinbaum","tag-donald-trump"],"jetpack_featured_media_url":"https:\/\/zonaroja.com.mx\/wp-content\/uploads\/2024\/12\/Claudia-Sheinbaum-y-Donald-Trump.jpg","jetpack_sharing_enabled":true,"_links":{"self":[{"href":"https:\/\/zonaroja.com.mx\/index.php?rest_route=\/wp\/v2\/posts\/77172","targetHints":{"allow":["GET"]}}],"collection":[{"href":"https:\/\/zonaroja.com.mx\/index.php?rest_route=\/wp\/v2\/posts"}],"about":[{"href":"https:\/\/zonaroja.com.mx\/index.php?rest_route=\/wp\/v2\/types\/post"}],"author":[{"embeddable":true,"href":"https:\/\/zonaroja.com.mx\/index.php?rest_route=\/wp\/v2\/users\/2"}],"replies":[{"embeddable":true,"href":"https:\/\/zonaroja.com.mx\/index.php?rest_route=%2Fwp%2Fv2%2Fcomments&post=77172"}],"version-history":[{"count":1,"href":"https:\/\/zonaroja.com.mx\/index.php?rest_route=\/wp\/v2\/posts\/77172\/revisions"}],"predecessor-version":[{"id":77173,"href":"https:\/\/zonaroja.com.mx\/index.php?rest_route=\/wp\/v2\/posts\/77172\/revisions\/77173"}],"wp:featuredmedia":[{"embeddable":true,"href":"https:\/\/zonaroja.com.mx\/index.php?rest_route=\/wp\/v2\/media\/75790"}],"wp:attachment":[{"href":"https:\/\/zonaroja.com.mx\/index.php?rest_route=%2Fwp%2Fv2%2Fmedia&parent=77172"}],"wp:term":[{"taxonomy":"category","embeddable":true,"href":"https:\/\/zonaroja.com.mx\/index.php?rest_route=%2Fwp%2Fv2%2Fcategories&post=77172"},{"taxonomy":"post_tag","embeddable":true,"href":"https:\/\/zonaroja.com.mx\/index.php?rest_route=%2Fwp%2Fv2%2Ftags&post=77172"}],"curies":[{"name":"wp","href":"https:\/\/api.w.org\/{rel}","templated":true}]}}