{"id":77179,"date":"2025-02-04T08:15:00","date_gmt":"2025-02-04T14:15:00","guid":{"rendered":"https:\/\/zonaroja.com.mx\/?p=77179"},"modified":"2025-02-04T06:18:17","modified_gmt":"2025-02-04T12:18:17","slug":"ahora-ecuador-anuncia-aranceles-del-27-a-mexico","status":"publish","type":"post","link":"https:\/\/zonaroja.com.mx\/?p=77179","title":{"rendered":"Ahora Ecuador anuncia aranceles del 27% a M\u00e9xico"},"content":{"rendered":"\n<p>Redacci\u00f3n\/Zona Roja Cdmx.<\/p>\n\n\n\n<p>Ciudad de M\u00e9xico, a 4 de febrero de 2025.- El comercio entre M\u00e9xico y Ecuador sum\u00f3 un nuevo problema este lunes 3 de febrero despu\u00e9s de que el presidente Daniel Noboa anunci\u00f3 un arancel de 27 por ciento a las exportaciones mexicanas.<\/p>\n\n\n\n<p>\u201cEl Nuevo Ecuador siempre ha estado abierto a la integraci\u00f3n comercial, pero no cuando hay abuso. Ratificamos nuestra postura de firmar un Tratado de Libre Comercio con M\u00e9xico, pero hasta que eso suceda y sea una realidad, vamos a aplicar un arancel del 27 por ciento a los productos que importamos\u00bb, public\u00f3 el mandatario en X (antes Twitter) junto con una gr\u00e1fica de la supuesta balanza petrolera entre ambos pa\u00edses.<\/p>\n\n\n\n<p>Hasta el momento, ni la Secretar\u00eda de Econom\u00eda ni su titular, Marcelo Ebrard, han hecho un posicionamiento sobre los aranceles de Ecuador como s\u00ed lo hicieron con la amenaza de Donald Trump de aplicar grav\u00e1menes de 25 por ciento a M\u00e9xico.&nbsp;<\/p>\n\n\n\n<p>Se agravaron tras el conflicto diplom\u00e1tico que \u2018estall\u00f3\u2019 por la invasi\u00f3n de polic\u00edas ecuatorianos a la embajada de M\u00e9xico en Quito, apunt\u00f3 Gerardo Tajonar, presidente nacional de la Asociaci\u00f3n Nacional de Importadores y Exportadores de la Rep\u00fablica Mexicana (ANIERM).<\/p>\n\n\n\n<p>\u201cLas relaciones comerciales ya se encuentran afectadas por el Gobierno mexicano y dif\u00edcilmente se podr\u00edan afectar m\u00e1s\u201d, explic\u00f3 en entrevista con \u201cEl Financiero\u201d en abril de 2024.<\/p>\n\n\n\n<p>El directivo mencion\u00f3 que las negociaciones de un posible tratado de libre comercio estaban completamente abandonadas por decisi\u00f3n del expresidente Andr\u00e9s Manuel L\u00f3pez Obrador.<\/p>\n\n\n\n<p>Explic\u00f3 que la pol\u00edtica comercial actual gobierno obradorista con Ecuador va en detrimento de la peque\u00f1a y mediana empresa exportadora mexicana, pues favorece a los productores de banano y camar\u00f3n mexicanos que les preocupa competir con los productores ecuatorianos.<\/p>\n\n\n\n<p>\u201cCon ello se propin\u00f3 una afectaci\u00f3n al comercio internacional de Ecuador con el mundo, al no permitirle su integraci\u00f3n a la Alianza del Pac\u00edfico\u201d, dijo.<\/p>\n\n\n\n<p>EL COMERCIO<\/p>\n\n\n\n<p>Las exportaciones de M\u00e9xico a Ecuador alcanzaron los 595 millones de d\u00f3lares en 2023, con farmac\u00e9uticos, cosm\u00e9ticos, m\u00e1quinas, aparatos mec\u00e1nicos y el\u00e9ctricos, as\u00ed como carros y sus partes, como los productos m\u00e1s vendidos.<\/p>\n\n\n\n<p>Por otra parte, las importaciones desde Ecuador fueron de 228 millones de d\u00f3lares, siendo la principal la compra de cacao en grano, entero o partido, con un valor de 60.8 millones de d\u00f3lares, dejando un super\u00e1vit de 368 millones de d\u00f3lares a favor de M\u00e9xico.<\/p>\n\n\n\n<p>\u201cM\u00e9xico es importador de cacao y no se espera que deje de importarlo de Ecuador debido a su precio y calidad competitivos a nivel internacional\u201d, se\u00f1al\u00f3 Tajonar.<\/p>\n\n\n\n<p>(Informaci\u00f3n de \u201cEl Financiero\u201d)<\/p>\n","protected":false},"excerpt":{"rendered":"<p>Redacci\u00f3n\/Zona Roja Cdmx. Ciudad de M\u00e9xico, a 4 de febrero de 2025.- El comercio entre&hellip;<\/p>\n","protected":false},"author":2,"featured_media":77180,"comment_status":"closed","ping_status":"open","sticky":false,"template":"","format":"standard","meta":{"_lmt_disableupdate":"","_lmt_disable":"","_jetpack_memberships_contains_paid_content":false,"footnotes":""},"categories":[109,47],"tags":[],"class_list":["post-77179","post","type-post","status-publish","format-standard","has-post-thumbnail","hentry","category-minuto-a-minuto","category-zona-gris"],"jetpack_featured_media_url":"https:\/\/zonaroja.com.mx\/wp-content\/uploads\/2025\/02\/Mexico-Ecuador.jpg","jetpack_sharing_enabled":true,"_links":{"self":[{"href":"https:\/\/zonaroja.com.mx\/index.php?rest_route=\/wp\/v2\/posts\/77179","targetHints":{"allow":["GET"]}}],"collection":[{"href":"https:\/\/zonaroja.com.mx\/index.php?rest_route=\/wp\/v2\/posts"}],"about":[{"href":"https:\/\/zonaroja.com.mx\/index.php?rest_route=\/wp\/v2\/types\/post"}],"author":[{"embeddable":true,"href":"https:\/\/zonaroja.com.mx\/index.php?rest_route=\/wp\/v2\/users\/2"}],"replies":[{"embeddable":true,"href":"https:\/\/zonaroja.com.mx\/index.php?rest_route=%2Fwp%2Fv2%2Fcomments&post=77179"}],"version-history":[{"count":1,"href":"https:\/\/zonaroja.com.mx\/index.php?rest_route=\/wp\/v2\/posts\/77179\/revisions"}],"predecessor-version":[{"id":77181,"href":"https:\/\/zonaroja.com.mx\/index.php?rest_route=\/wp\/v2\/posts\/77179\/revisions\/77181"}],"wp:featuredmedia":[{"embeddable":true,"href":"https:\/\/zonaroja.com.mx\/index.php?rest_route=\/wp\/v2\/media\/77180"}],"wp:attachment":[{"href":"https:\/\/zonaroja.com.mx\/index.php?rest_route=%2Fwp%2Fv2%2Fmedia&parent=77179"}],"wp:term":[{"taxonomy":"category","embeddable":true,"href":"https:\/\/zonaroja.com.mx\/index.php?rest_route=%2Fwp%2Fv2%2Fcategories&post=77179"},{"taxonomy":"post_tag","embeddable":true,"href":"https:\/\/zonaroja.com.mx\/index.php?rest_route=%2Fwp%2Fv2%2Ftags&post=77179"}],"curies":[{"name":"wp","href":"https:\/\/api.w.org\/{rel}","templated":true}]}}