{"id":7718,"date":"2020-01-15T21:24:31","date_gmt":"2020-01-16T03:24:31","guid":{"rendered":"http:\/\/www.zonaroja.com.mx\/?p=7718"},"modified":"2020-01-15T21:24:36","modified_gmt":"2020-01-16T03:24:36","slug":"ola-criminal-en-oaxaca-dos-ejecutados-y-asalto-bancario-por-100-mil","status":"publish","type":"post","link":"https:\/\/zonaroja.com.mx\/?p=7718","title":{"rendered":"Ola criminal en Oaxaca: dos ejecutados y asalto bancario por $100 mil"},"content":{"rendered":"\n<p>Redacci\u00f3n\/Zona\nRoja.<\/p>\n\n\n\n<p>Oaxaca de\nJu\u00e1rez, Oax., 15 de enero de 2020.- La ola criminal en Oaxaca se increment\u00f3 este\nmi\u00e9rcoles y en la regi\u00f3n de la Cuenca del Papaloapan se registr\u00f3 el asesinato\nde dos personas, mientras que en la capital del estado, asaltaron a un\ncuentahabiente y le quitaron con violencia 100 mil pesos.<\/p>\n\n\n\n<p>En tanto que\nen San Pedro Ixcatl\u00e1n, la Fiscal\u00eda General del Estado de Oaxaca report\u00f3 un\noperativo conjunto con la Guardia Nacional y la Polic\u00eda Estatal, pero ante la\nfalta de informaci\u00f3n oficial, se especula que se hallaron 14 cuerpos en una\nfosa clandestina; otras versiones se\u00f1alan un enfrentamiento con varios\nasesinados.<\/p>\n\n\n\n<p>En San Juan\nBautista Tuxtepec, esta noche fue ultimado a balazos un individuo en el\ninterior del bar \u201cLa Clave\u201d, ubicado en la calle Zacatecas esquina con Chiapas,\nde la colonia El Castillo.<\/p>\n\n\n\n<p>La v\u00edctima a\u00fan\nno ha sido identificada de manera oficial y \u00fanicamente adelantaron que era\nconocido como \u201cLa Ardilla\u201d, de oficio chofer del transporte urbano de\npasajeros.<\/p>\n\n\n\n<p>Unas cuatro\nhoras antes, afuera de un taller mec\u00e1nico de la avenida 18 de Marzo, entre las\ncalles Hidalgo y Ray\u00f3n, del centro de la ciudad de Tuxtepec, ocurri\u00f3 otro\nataque armado.<\/p>\n\n\n\n<p>El individuo\nconocido como Juan Carlos Rodr\u00edguez fue ejecutado a balazos por personas\ndesconocidas; detallaron que era originario de la comunidad Arroyo Tigre, de\nSan Miguel Soyaltepec.<\/p>\n\n\n\n<p>Con estas\ndos v\u00edctimas, suman 10 asesinados en el transcurso de 15 d\u00edas del mes de enero;\nen todos los casos no hay personas detenidas.<\/p>\n\n\n\n<p>Por otra\nparte, hoy fue identificada la mujer asesinada a balazos ayer en una unidad del\ntransporte urbano, junto con el chofer Hilario C.; se trata de Diana Liz\nBalbuena Vald\u00e9s, quien viajaba a bordo de la unidad; a\u00fan se desconocen las\ncausas del ataque.<\/p>\n\n\n\n<p>ASALTO\nBANCARIO<\/p>\n\n\n\n<p>Por otra\nparte, alrededor de las dos de la tarde, una pareja fue asaltada al salir de la\nsucursal Citibanamex, ubicada en la avenida Oaxaca, tambi\u00e9n conocida como\ncarretera Internacional, en la agencia Santa Rosa Panzacola de la ciudad de\nOaxaca.<\/p>\n\n\n\n<p>Presuntamente fueron dos individuos a bordo de una motocicleta quienes despojaron a dos personas de la tercera edad, de la cantidad de 100 mil pesos, tras lo cual huyeron., tras efectuar disparos al aire; pese a supuestos operativos de b\u00fasqueda, no hay personas detenidas.<\/p>\n\n\n\n<figure class=\"wp-block-embed-twitter wp-block-embed is-type-rich is-provider-twitter\"><div class=\"wp-block-embed__wrapper\">\n<div class=\"twitter-tweet\"><blockquote class=\"twitter-tweet\" data-lang=\"es\"><p lang=\"es\" dir=\"ltr\"><a href=\"https:\/\/twitter.com\/hashtag\/OaxacaRojo?src=hash&amp;ref_src=twsrc%5Etfw\">#OaxacaRojo<\/a><br>Sin orden y sin seguridad, en la ciudad de Oaxaca esta tarde se registr\u00f3 un en\u00e9simo asalto bancario, en la sucursal Banamex de Santa Rosa Panzacola, ciudad de Oaxaca; 100 mil pesos, el monto del hurto, adem\u00e1s de disparos al aire. <a href=\"https:\/\/twitter.com\/KarinaBaronO?ref_src=twsrc%5Etfw\">@KarinaBaronO<\/a> <a href=\"https:\/\/twitter.com\/MunicipioSeguro?ref_src=twsrc%5Etfw\">@MunicipioSeguro<\/a> <a href=\"https:\/\/t.co\/rTHh4iAga5\">pic.twitter.com\/rTHh4iAga5<\/a><\/p>&mdash; Zona Roja Oaxaca (@MexRoja) <a href=\"https:\/\/twitter.com\/MexRoja\/status\/1217567306601156608?ref_src=twsrc%5Etfw\">15 de enero de 2020<\/a><\/blockquote><\/div>\n<\/div><\/figure>\n","protected":false},"excerpt":{"rendered":"<p>Redacci\u00f3n\/Zona Roja. Oaxaca de Ju\u00e1rez, Oax., 15 de enero de 2020.- La ola criminal en&hellip;<\/p>\n","protected":false},"author":2,"featured_media":7719,"comment_status":"closed","ping_status":"open","sticky":false,"template":"","format":"standard","meta":{"_lmt_disableupdate":"","_lmt_disable":"","_jetpack_memberships_contains_paid_content":false,"footnotes":""},"categories":[109,51],"tags":[118],"class_list":["post-7718","post","type-post","status-publish","format-standard","has-post-thumbnail","hentry","category-minuto-a-minuto","category-zona-roja","tag-san-juan-bautista-tuxtepec"],"jetpack_featured_media_url":"https:\/\/zonaroja.com.mx\/wp-content\/uploads\/2020\/01\/Ejecutado-Tuxtepec-15ene.jpg","jetpack_sharing_enabled":true,"_links":{"self":[{"href":"https:\/\/zonaroja.com.mx\/index.php?rest_route=\/wp\/v2\/posts\/7718","targetHints":{"allow":["GET"]}}],"collection":[{"href":"https:\/\/zonaroja.com.mx\/index.php?rest_route=\/wp\/v2\/posts"}],"about":[{"href":"https:\/\/zonaroja.com.mx\/index.php?rest_route=\/wp\/v2\/types\/post"}],"author":[{"embeddable":true,"href":"https:\/\/zonaroja.com.mx\/index.php?rest_route=\/wp\/v2\/users\/2"}],"replies":[{"embeddable":true,"href":"https:\/\/zonaroja.com.mx\/index.php?rest_route=%2Fwp%2Fv2%2Fcomments&post=7718"}],"version-history":[{"count":1,"href":"https:\/\/zonaroja.com.mx\/index.php?rest_route=\/wp\/v2\/posts\/7718\/revisions"}],"predecessor-version":[{"id":7720,"href":"https:\/\/zonaroja.com.mx\/index.php?rest_route=\/wp\/v2\/posts\/7718\/revisions\/7720"}],"wp:featuredmedia":[{"embeddable":true,"href":"https:\/\/zonaroja.com.mx\/index.php?rest_route=\/wp\/v2\/media\/7719"}],"wp:attachment":[{"href":"https:\/\/zonaroja.com.mx\/index.php?rest_route=%2Fwp%2Fv2%2Fmedia&parent=7718"}],"wp:term":[{"taxonomy":"category","embeddable":true,"href":"https:\/\/zonaroja.com.mx\/index.php?rest_route=%2Fwp%2Fv2%2Fcategories&post=7718"},{"taxonomy":"post_tag","embeddable":true,"href":"https:\/\/zonaroja.com.mx\/index.php?rest_route=%2Fwp%2Fv2%2Ftags&post=7718"}],"curies":[{"name":"wp","href":"https:\/\/api.w.org\/{rel}","templated":true}]}}