{"id":77182,"date":"2025-02-04T09:20:00","date_gmt":"2025-02-04T15:20:00","guid":{"rendered":"https:\/\/zonaroja.com.mx\/?p=77182"},"modified":"2025-02-04T09:37:08","modified_gmt":"2025-02-04T15:37:08","slug":"no-para-la-violencia-en-el-istmo-un-baleado-en-tehuantepec","status":"publish","type":"post","link":"https:\/\/zonaroja.com.mx\/?p=77182","title":{"rendered":"No para la violencia en el Istmo; un ejecutado y un herido de bala"},"content":{"rendered":"\n<p>Raymundo Morales\/Zona Roja.<\/p>\n\n\n\n<p>Oaxaca de Ju\u00e1rez, Oax., a 4 de enero de 2025.- La violencia no para en la regi\u00f3n del Istmo y anoche y esta ma\u00f1ana ocurrieron hecho delictivos con saldos fatales. <\/p>\n\n\n\n<p>Esta ma\u00f1ana, una persona del sexo masculino fue ejecutada a balazos en Juchit\u00e1n de Zaragoza. <\/p>\n\n\n\n<p>El crimen se perpetr\u00f3 en una vialidad de la colonia Gustavo Pineda y no hab\u00eda ning\u00fan polic\u00eda municipal en la zona, pese a la claridad del d\u00eda, por lo que los agresores huyeron sin problemas. <\/p>\n\n\n\n<p>Mientras que anoche cerca del hospital del ISSSTE una persona del sexo masculino fue atacada a balazos, por parte de sujetos desconocidos, que tras el atentado, se dieron a la fuga.<\/p>\n\n\n\n<p>Luego que vecinos de la zona, cerca del fraccionamiento Guiengola, pidieran el auxilio, arribaron elementos policiacos y hallaron a un individuo lesionado; param\u00e9dicos de la Cruz Roja Mexicana le dieron los primeros auxilios y lo trasladaron a un nosocomio.<\/p>\n\n\n\n<p>De manera preliminar se informo que la v\u00edctima agredida es un velador de un local de renta de gr\u00faas en la misma zona, de entre 35 a 40 a\u00f1os de edad.<\/p>\n\n\n\n<p>A un mes de haber asumido el cargo, la presidenta municipal Ana Cecilia P\u00e9rez, no ha anunciado ninguna acci\u00f3n para fortalecer las acciones de seguridad; tampoco lo hizo durante seis a\u00f1os la ex alcaldesa Vilma Mart\u00ednez Cort\u00e9s, ahora funcionaria del Gobierno del Estado.<\/p>\n","protected":false},"excerpt":{"rendered":"<p>Raymundo Morales\/Zona Roja. Oaxaca de Ju\u00e1rez, Oax., a 4 de enero de 2025.- La violencia&hellip;<\/p>\n","protected":false},"author":2,"featured_media":77195,"comment_status":"closed","ping_status":"open","sticky":false,"template":"","format":"standard","meta":{"_lmt_disableupdate":"","_lmt_disable":"","_jetpack_memberships_contains_paid_content":false,"footnotes":""},"categories":[109,47],"tags":[125],"class_list":["post-77182","post","type-post","status-publish","format-standard","has-post-thumbnail","hentry","category-minuto-a-minuto","category-zona-gris","tag-santo-domingo-tehuantepec"],"jetpack_featured_media_url":"https:\/\/zonaroja.com.mx\/wp-content\/uploads\/2025\/02\/73eba0ec-f0d7-48d2-9774-f5f53ebbfefa-1.jpg","jetpack_sharing_enabled":true,"_links":{"self":[{"href":"https:\/\/zonaroja.com.mx\/index.php?rest_route=\/wp\/v2\/posts\/77182","targetHints":{"allow":["GET"]}}],"collection":[{"href":"https:\/\/zonaroja.com.mx\/index.php?rest_route=\/wp\/v2\/posts"}],"about":[{"href":"https:\/\/zonaroja.com.mx\/index.php?rest_route=\/wp\/v2\/types\/post"}],"author":[{"embeddable":true,"href":"https:\/\/zonaroja.com.mx\/index.php?rest_route=\/wp\/v2\/users\/2"}],"replies":[{"embeddable":true,"href":"https:\/\/zonaroja.com.mx\/index.php?rest_route=%2Fwp%2Fv2%2Fcomments&post=77182"}],"version-history":[{"count":2,"href":"https:\/\/zonaroja.com.mx\/index.php?rest_route=\/wp\/v2\/posts\/77182\/revisions"}],"predecessor-version":[{"id":77196,"href":"https:\/\/zonaroja.com.mx\/index.php?rest_route=\/wp\/v2\/posts\/77182\/revisions\/77196"}],"wp:featuredmedia":[{"embeddable":true,"href":"https:\/\/zonaroja.com.mx\/index.php?rest_route=\/wp\/v2\/media\/77195"}],"wp:attachment":[{"href":"https:\/\/zonaroja.com.mx\/index.php?rest_route=%2Fwp%2Fv2%2Fmedia&parent=77182"}],"wp:term":[{"taxonomy":"category","embeddable":true,"href":"https:\/\/zonaroja.com.mx\/index.php?rest_route=%2Fwp%2Fv2%2Fcategories&post=77182"},{"taxonomy":"post_tag","embeddable":true,"href":"https:\/\/zonaroja.com.mx\/index.php?rest_route=%2Fwp%2Fv2%2Ftags&post=77182"}],"curies":[{"name":"wp","href":"https:\/\/api.w.org\/{rel}","templated":true}]}}