{"id":77184,"date":"2025-02-04T10:15:00","date_gmt":"2025-02-04T16:15:00","guid":{"rendered":"https:\/\/zonaroja.com.mx\/?p=77184"},"modified":"2025-02-04T06:41:32","modified_gmt":"2025-02-04T12:41:32","slug":"impulsan-en-santa-cruz-xoxocotlan-jornadas-contra-el-cancer","status":"publish","type":"post","link":"https:\/\/zonaroja.com.mx\/?p=77184","title":{"rendered":"Impulsan en Santa Cruz Xoxocotl\u00e1n jornadas contra el c\u00e1ncer"},"content":{"rendered":"\n<p>Redacci\u00f3n\/Zona Roja.<\/p>\n\n\n\n<p>Oaxaca de Ju\u00e1rez, Oax., a 4 de febrero de 2025.- Con la finalidad de prevenir el c\u00e1ncer, as\u00ed como detectarlo a tiempo para una atenci\u00f3n oportuna, la presidenta municipal de Santa Cruz Xoxocotl\u00e1n, Nancy Ben\u00edtez Z\u00e1rate, llama a la ciudadan\u00eda a sumarse a la lucha contra este padecimiento.<\/p>\n\n\n\n<p>\u00abTenemos que reflexionar todas y todos para apoyar a todas las personas que sufren esta enfermedad\u00bb, expres\u00f3.<\/p>\n\n\n\n<p>La mun\u00edcipe destac\u00f3, adem\u00e1s, que desde el gobierno municipal que encabeza, se est\u00e1n impulsando acciones para la prevenci\u00f3n de esta enfermedad, como la exploraci\u00f3n de mamas, papanicolaou y estudios de pr\u00f3stata.<\/p>\n\n\n\n<p>\u00abEs muy importante que acudas al m\u00e9dico, hagamos que Santa Cruz Xoxocotl\u00e1n sea un municipio donde todas y todos cuiden su salud\u00bb, se\u00f1al\u00f3.<\/p>\n\n\n\n<p>Por tal motivo, el gobierno municipal realizar\u00e1 este 4 de febrero, fecha en que se conmemora el D\u00eda Mundial contra el C\u00e1ncer, una jornada de servicio gratuito m\u00e9dico de exploraci\u00f3n de mamas y ultrasonido prost\u00e1tico. Es en un horario de 10:00 a 14:00 horas en las instalaciones del ayuntamiento.<\/p>\n\n\n\n<p>De acuerdo con datos del Instituto Nacional de Estad\u00edstica y Geograf\u00eda (INEGI), en el a\u00f1o 2022 ocurrieron 88 mil 538 muertes por tumores malignos en personas de edad con 12 a\u00f1os en adelante, en el pa\u00eds.<\/p>\n","protected":false},"excerpt":{"rendered":"<p>Redacci\u00f3n\/Zona Roja. Oaxaca de Ju\u00e1rez, Oax., a 4 de febrero de 2025.- Con la finalidad&hellip;<\/p>\n","protected":false},"author":2,"featured_media":77185,"comment_status":"closed","ping_status":"open","sticky":false,"template":"","format":"standard","meta":{"_lmt_disableupdate":"","_lmt_disable":"","_jetpack_memberships_contains_paid_content":false,"footnotes":""},"categories":[109,46],"tags":[1555],"class_list":["post-77184","post","type-post","status-publish","format-standard","has-post-thumbnail","hentry","category-minuto-a-minuto","category-zona-blanca","tag-saqueo-chedraui-xoxocotlan"],"jetpack_featured_media_url":"https:\/\/zonaroja.com.mx\/wp-content\/uploads\/2025\/02\/Nancy-Benitez-Xoxocotlan.jpg","jetpack_sharing_enabled":true,"_links":{"self":[{"href":"https:\/\/zonaroja.com.mx\/index.php?rest_route=\/wp\/v2\/posts\/77184","targetHints":{"allow":["GET"]}}],"collection":[{"href":"https:\/\/zonaroja.com.mx\/index.php?rest_route=\/wp\/v2\/posts"}],"about":[{"href":"https:\/\/zonaroja.com.mx\/index.php?rest_route=\/wp\/v2\/types\/post"}],"author":[{"embeddable":true,"href":"https:\/\/zonaroja.com.mx\/index.php?rest_route=\/wp\/v2\/users\/2"}],"replies":[{"embeddable":true,"href":"https:\/\/zonaroja.com.mx\/index.php?rest_route=%2Fwp%2Fv2%2Fcomments&post=77184"}],"version-history":[{"count":1,"href":"https:\/\/zonaroja.com.mx\/index.php?rest_route=\/wp\/v2\/posts\/77184\/revisions"}],"predecessor-version":[{"id":77186,"href":"https:\/\/zonaroja.com.mx\/index.php?rest_route=\/wp\/v2\/posts\/77184\/revisions\/77186"}],"wp:featuredmedia":[{"embeddable":true,"href":"https:\/\/zonaroja.com.mx\/index.php?rest_route=\/wp\/v2\/media\/77185"}],"wp:attachment":[{"href":"https:\/\/zonaroja.com.mx\/index.php?rest_route=%2Fwp%2Fv2%2Fmedia&parent=77184"}],"wp:term":[{"taxonomy":"category","embeddable":true,"href":"https:\/\/zonaroja.com.mx\/index.php?rest_route=%2Fwp%2Fv2%2Fcategories&post=77184"},{"taxonomy":"post_tag","embeddable":true,"href":"https:\/\/zonaroja.com.mx\/index.php?rest_route=%2Fwp%2Fv2%2Ftags&post=77184"}],"curies":[{"name":"wp","href":"https:\/\/api.w.org\/{rel}","templated":true}]}}