{"id":77190,"date":"2025-02-04T16:50:00","date_gmt":"2025-02-04T22:50:00","guid":{"rendered":"https:\/\/zonaroja.com.mx\/?p=77190"},"modified":"2025-02-04T06:53:49","modified_gmt":"2025-02-04T12:53:49","slug":"en-su-tercer-mes-de-gobierno-sheinbaum-tiene-81-de-aprobacion","status":"publish","type":"post","link":"https:\/\/zonaroja.com.mx\/?p=77190","title":{"rendered":"En su tercer mes de gobierno, Sheinbaum tiene 81% de aprobaci\u00f3n"},"content":{"rendered":"\n<p>Redacci\u00f3n\/Zona Roja Cdmx.<\/p>\n\n\n\n<p>Ciudad de M\u00e9xico, a 4 de febrero de 2025.- La presidenta Claudia Sheinbaum cerr\u00f3 su cuarto mes de gobierno con una aprobaci\u00f3n ciudadana de 81 por ciento, seg\u00fan revela una encuesta nacional de \u201cEl Financiero\u201d.<\/p>\n\n\n\n<p>El nivel de apoyo popular que arroja el sondeo sugiere que la ciudadan\u00eda ha cerrado filas en torno de la Presidenta ante las medidas anunciadas por el presidente de Estados Unidos, Donald Trump, relativas a la deportaci\u00f3n de connacionales y a la imposici\u00f3n de aranceles a M\u00e9xico, los cuales se pusieron en pausa por un mes m\u00e1s, luego de la conversaci\u00f3n que sostuvieron ambos mandatarios.<\/p>\n\n\n\n<p>El sondeo revela que 31 por ciento de las personas en M\u00e9xico percibe una relaci\u00f3n favorable entre Claudia Sheinbaum y Donald Trump, pero 52 por ciento ve una relaci\u00f3n desfavorable entre ambos l\u00edderes. El estudio se realiz\u00f3 antes de la reciente conversaci\u00f3n entre Claudia Sheinbaum y Donald Trump.<\/p>\n\n\n\n<p>La encuesta indica que la percepci\u00f3n de deterioro en la relaci\u00f3n bilateral creci\u00f3 por tercer mes consecutivo, desde noviembre pasado, cuando Donald Trump gan\u00f3 las elecciones en el vecino pa\u00eds.<\/p>\n\n\n\n<p>El estudio arroja que 31 por ciento califica la relaci\u00f3n bilateral como buena o muy buena, mientras que 47 por ciento la califica como mala o muy mala.<\/p>\n\n\n\n<p>En diciembre pasado los porcentajes eran 41 y 40 por ciento, respectivamente; y en agosto, 61 y 14, tambi\u00e9n respectivamente.<\/p>\n\n\n\n<p>SOBRE INSEGURIDAD<\/p>\n\n\n\n<p>Adem\u00e1s de la percepci\u00f3n de deterioro en la relaci\u00f3n bilateral, la percepci\u00f3n de inseguridad p\u00fablica en el pa\u00eds contin\u00faa creciendo, al llegar a 78 por ciento de menciones en enero, superando el nivel anterior de 68 por ciento, que hab\u00eda sido el m\u00e1s alto en por lo menos dos a\u00f1os.<\/p>\n\n\n\n<p>La forma en que el gobierno est\u00e1 tratando la inseguridad divide opiniones: 44 por ciento califica bien al gobierno de Sheinbaum en este rubro, mientras que 45 por ciento lo califica mal.<\/p>\n\n\n\n<p>No obstante, la manera como el gobierno est\u00e1 tratando el asunto del crimen organizado es calificada de forma m\u00e1s negativa: 25 por ciento bien y 69 por ciento mal.<\/p>\n\n\n\n<p>Tambi\u00e9n en relaci\u00f3n con la inseguridad, la encuesta pregunt\u00f3 sobre la situaci\u00f3n espec\u00edfica de Sinaloa: 88 por ciento cree que la seguridad p\u00fablica en la entidad es mala o muy mala.<\/p>\n\n\n\n<p>Respecto de la declaraci\u00f3n del gobernador del estado, Rub\u00e9n Rocha Moya, de que en Sinaloa se vive perfectamente bien, 92 por ciento de las personas entrevistadas dijo estar en desacuerdo con esa aseveraci\u00f3n.<\/p>\n\n\n\n<p>Metodolog\u00eda: Encuesta nacional realizada v\u00eda telef\u00f3nica a 900 mexicanos adultos del 8 al 14 y del 23 al 27 de enero de 2025. Se hizo un muestreo probabil\u00edstico de tel\u00e9fonos residenciales y celulares en las 32 entidades federativas. Con un nivel de confianza de 95%, el margen de error de las estimaciones es de +\/-3.3 por ciento. *Pregunta realizada del 23 al 27 de enero (n=400).<\/p>\n\n\n\n<p>(Informaci\u00f3n de \u201cEl Financiero\u201d)<\/p>\n","protected":false},"excerpt":{"rendered":"<p>Redacci\u00f3n\/Zona Roja Cdmx. Ciudad de M\u00e9xico, a 4 de febrero de 2025.- La presidenta Claudia&hellip;<\/p>\n","protected":false},"author":2,"featured_media":73594,"comment_status":"closed","ping_status":"open","sticky":false,"template":"","format":"standard","meta":{"_lmt_disableupdate":"","_lmt_disable":"","_jetpack_memberships_contains_paid_content":false,"footnotes":""},"categories":[109,46],"tags":[3370],"class_list":["post-77190","post","type-post","status-publish","format-standard","has-post-thumbnail","hentry","category-minuto-a-minuto","category-zona-blanca","tag-claudia-sheinbaum"],"jetpack_featured_media_url":"https:\/\/zonaroja.com.mx\/wp-content\/uploads\/2024\/10\/Claudia-Sheinbaum.jpg","jetpack_sharing_enabled":true,"_links":{"self":[{"href":"https:\/\/zonaroja.com.mx\/index.php?rest_route=\/wp\/v2\/posts\/77190","targetHints":{"allow":["GET"]}}],"collection":[{"href":"https:\/\/zonaroja.com.mx\/index.php?rest_route=\/wp\/v2\/posts"}],"about":[{"href":"https:\/\/zonaroja.com.mx\/index.php?rest_route=\/wp\/v2\/types\/post"}],"author":[{"embeddable":true,"href":"https:\/\/zonaroja.com.mx\/index.php?rest_route=\/wp\/v2\/users\/2"}],"replies":[{"embeddable":true,"href":"https:\/\/zonaroja.com.mx\/index.php?rest_route=%2Fwp%2Fv2%2Fcomments&post=77190"}],"version-history":[{"count":1,"href":"https:\/\/zonaroja.com.mx\/index.php?rest_route=\/wp\/v2\/posts\/77190\/revisions"}],"predecessor-version":[{"id":77191,"href":"https:\/\/zonaroja.com.mx\/index.php?rest_route=\/wp\/v2\/posts\/77190\/revisions\/77191"}],"wp:featuredmedia":[{"embeddable":true,"href":"https:\/\/zonaroja.com.mx\/index.php?rest_route=\/wp\/v2\/media\/73594"}],"wp:attachment":[{"href":"https:\/\/zonaroja.com.mx\/index.php?rest_route=%2Fwp%2Fv2%2Fmedia&parent=77190"}],"wp:term":[{"taxonomy":"category","embeddable":true,"href":"https:\/\/zonaroja.com.mx\/index.php?rest_route=%2Fwp%2Fv2%2Fcategories&post=77190"},{"taxonomy":"post_tag","embeddable":true,"href":"https:\/\/zonaroja.com.mx\/index.php?rest_route=%2Fwp%2Fv2%2Ftags&post=77190"}],"curies":[{"name":"wp","href":"https:\/\/api.w.org\/{rel}","templated":true}]}}