{"id":77192,"date":"2025-02-04T10:54:00","date_gmt":"2025-02-04T16:54:00","guid":{"rendered":"https:\/\/zonaroja.com.mx\/?p=77192"},"modified":"2025-02-04T07:11:47","modified_gmt":"2025-02-04T13:11:47","slug":"exige-el-fpr-esclarecer-crimen-de-una-persona-en-san-mateo-del-mar","status":"publish","type":"post","link":"https:\/\/zonaroja.com.mx\/?p=77192","title":{"rendered":"Exige el FPR esclarecer crimen de una persona en San Mateo del Mar"},"content":{"rendered":"\n<p>Raymundo Morales\/Zona Roja.<\/p>\n\n\n\n<p>Oaxaca de Ju\u00e1rez, Oax., a 4 de enero de 2025.- La organizaci\u00f3n social Frente Popular Revolucionario (FPR) demand\u00f3 el esclarecimiento de una persona en San Mateo del Mar.<\/p>\n\n\n\n<p>El crimen se perpetr\u00f3 el pasdo 30 de enero y se trata de \u00c1ngel Z. A., integrante activo del Comit\u00e9 de V\u00edctimas y Familiares Ikoots de la Masacre de San Mateo del Mar.<\/p>\n\n\n\n<p>En un comunicado, detall\u00f3 que el jueves 30 de enero fue localizado en Laguna Santa Cruz, del municipio de San Mateo del Mar, el cuerpo de \u00c1ngel; no obstante, las indagatorias no han sido \u00e1giles.&nbsp;<\/p>\n\n\n\n<p>\u201cEn Oaxaca, se agranda la lista de personas asesinadas por defender la tierra, el territorio, exigir justicia, que sean respetados los derechos pol\u00edticos, etc. Junto a ello el incremento excesivo de la violencia apunta a la inhibici\u00f3n de la protesta social y a una forma de gobierno autoritaria\u201d, destac\u00f3.<\/p>\n\n\n\n<p>Remarc\u00f3 que no se puede permitir que en la entidad de manera sistem\u00e1tica se est\u00e9 agrediendo a quienes realicen protestas sociales; \u201cante ello tenemos que fortalecer la unidad y lucha popular, pues aun en tiempos oscuros: \u00a1Gobierne quien gobierne, los derechos se defienden!\u201d, agreg\u00f3.<\/p>\n","protected":false},"excerpt":{"rendered":"<p>Raymundo Morales\/Zona Roja. Oaxaca de Ju\u00e1rez, Oax., a 4 de enero de 2025.- La organizaci\u00f3n&hellip;<\/p>\n","protected":false},"author":2,"featured_media":77193,"comment_status":"closed","ping_status":"open","sticky":false,"template":"","format":"standard","meta":{"_lmt_disableupdate":"","_lmt_disable":"","_jetpack_memberships_contains_paid_content":false,"footnotes":""},"categories":[109],"tags":[1687],"class_list":["post-77192","post","type-post","status-publish","format-standard","has-post-thumbnail","hentry","category-minuto-a-minuto","tag-frente-popular-revolucionario-fpr"],"jetpack_featured_media_url":"https:\/\/zonaroja.com.mx\/wp-content\/uploads\/2025\/02\/fpr-oaxaca-marchas-actos_vandalicos-2.jpg","jetpack_sharing_enabled":true,"_links":{"self":[{"href":"https:\/\/zonaroja.com.mx\/index.php?rest_route=\/wp\/v2\/posts\/77192","targetHints":{"allow":["GET"]}}],"collection":[{"href":"https:\/\/zonaroja.com.mx\/index.php?rest_route=\/wp\/v2\/posts"}],"about":[{"href":"https:\/\/zonaroja.com.mx\/index.php?rest_route=\/wp\/v2\/types\/post"}],"author":[{"embeddable":true,"href":"https:\/\/zonaroja.com.mx\/index.php?rest_route=\/wp\/v2\/users\/2"}],"replies":[{"embeddable":true,"href":"https:\/\/zonaroja.com.mx\/index.php?rest_route=%2Fwp%2Fv2%2Fcomments&post=77192"}],"version-history":[{"count":1,"href":"https:\/\/zonaroja.com.mx\/index.php?rest_route=\/wp\/v2\/posts\/77192\/revisions"}],"predecessor-version":[{"id":77194,"href":"https:\/\/zonaroja.com.mx\/index.php?rest_route=\/wp\/v2\/posts\/77192\/revisions\/77194"}],"wp:featuredmedia":[{"embeddable":true,"href":"https:\/\/zonaroja.com.mx\/index.php?rest_route=\/wp\/v2\/media\/77193"}],"wp:attachment":[{"href":"https:\/\/zonaroja.com.mx\/index.php?rest_route=%2Fwp%2Fv2%2Fmedia&parent=77192"}],"wp:term":[{"taxonomy":"category","embeddable":true,"href":"https:\/\/zonaroja.com.mx\/index.php?rest_route=%2Fwp%2Fv2%2Fcategories&post=77192"},{"taxonomy":"post_tag","embeddable":true,"href":"https:\/\/zonaroja.com.mx\/index.php?rest_route=%2Fwp%2Fv2%2Ftags&post=77192"}],"curies":[{"name":"wp","href":"https:\/\/api.w.org\/{rel}","templated":true}]}}