{"id":77203,"date":"2025-02-04T21:06:32","date_gmt":"2025-02-05T03:06:32","guid":{"rendered":"https:\/\/zonaroja.com.mx\/?p=77203"},"modified":"2025-02-04T21:06:34","modified_gmt":"2025-02-05T03:06:34","slug":"anuncian-construcciones-de-hospitales-del-imss-y-del-issste-en-oaxaca","status":"publish","type":"post","link":"https:\/\/zonaroja.com.mx\/?p=77203","title":{"rendered":"Anuncian construcciones de hospitales del IMSS y del ISSSTE en Oaxaca"},"content":{"rendered":"\n<p>Redacci\u00f3n\/Zona Roja.<\/p>\n\n\n\n<p>Oaxaca de Ju\u00e1rez, Oax., a 4 de febrero de 2025.- Para garantizar la continuidad de los servicios m\u00e9dicos b\u00e1sicos y especializados, el gobernador Salom\u00f3n Jara Cruz anunci\u00f3 la creaci\u00f3n de Ciudad de la Salud, un importante proyecto de infraestructura hospitalaria que contempla la construcci\u00f3n de un nosocomio de tercer nivel del IMSS-Bienestar y uno de especialidad del ISSSTE.<\/p>\n\n\n\n<p>Para la edificaci\u00f3n de estas obras, el Gobierno de Oaxaca donar\u00e1 al Instituto Mexicano del Seguro Social y al Instituto de Seguridad y Servicios Sociales de los Trabajadores del Estado, un pol\u00edgono de 22 hect\u00e1reas en la agencia Guadalupe Hidalgo, perteneciente al municipio de San Lorenzo Cacaotepec.<\/p>\n\n\n\n<p>\u201cSe trata de acciones que nos van a ayudar a abatir el rezago en el que nos heredaron el sistema de salud y van a permitirnos avanzar en la garant\u00eda del derecho a la salud de todas y todos los oaxaque\u00f1os\u201d, afirm\u00f3.&nbsp;<\/p>\n\n\n\n<p>El mandatario estatal resalt\u00f3 que Ciudad de la Salud es resultado del trabajo conjunto y coordinado con los \u00f3rganos de salud IMSS-Bienestar e ISSSTE y, adem\u00e1s, da respuesta a una petici\u00f3n del Magisterio de la Secci\u00f3n XXII de la Coordinadora Nacional de Trabajadores de la Educaci\u00f3n (CNTE).<\/p>\n\n\n\n<p>En su oportunidad, el titular de la Consejer\u00eda Jur\u00eddica y Asistencia Legal, Geovany V\u00e1squez Sagrero, explic\u00f3 que este proyecto deriva de peticiones de los \u00f3rganos federales de salud para atender el rezago hospitalario; y que gobiernos estatales anteriores postergaron.<\/p>\n\n\n\n<p>Detall\u00f3 que Ciudad de la Salud proyecta la ampliaci\u00f3n del centro de salud de Guadalupe Hidalgo, a cargo del IMSS Bienestar, para convertirlo en hospital regional que requerir\u00e1 en su primera etapa tres mil millones de pesos.<\/p>\n\n\n\n<p>\u201cCon esto se sopesar\u00e1 las carencias que se tiene en salud\u201d, destac\u00f3, al tiempo de se\u00f1alar que con estas unidades m\u00e9dicas se beneficiar\u00e1n a pacientes de la zona y tambi\u00e9n de otros estados.&nbsp;<\/p>\n\n\n\n<p>A\u00f1adi\u00f3 que el pol\u00edgono que se donar\u00e1 deriv\u00f3 de una b\u00fasqueda a cargo de la Direcci\u00f3n de Patrimonio de la Secretar\u00eda de Administraci\u00f3n y, destac\u00f3, cumple con las caracter\u00edsticas para tal fin.<\/p>\n\n\n\n<p>FARMACIAS BIENESTAR<\/p>\n\n\n\n<p>Por otra parte, el mandatario Jara Cruz anunci\u00f3 la apertura de dos Farmacias Bienestar en Oaxaca, ubicadas en Putla Villa de Guerrero y Santiago Juxtlahuaca, con el fin de fortalecer la atenci\u00f3n m\u00e9dica a las familias oaxaque\u00f1as que no cuentan con servicios p\u00fablicos o privados de salud.&nbsp;<\/p>\n\n\n\n<p>Durante la conferencia de prensa, destac\u00f3 que actualmente existen en la entidad 11 sedes de este modelo \u00fanico en el pa\u00eds, las cuales brindan atenci\u00f3n gratuita de primer nivel en las ocho regiones del estado; con las nuevas sucursales se ampl\u00eda la atenci\u00f3n a las comunidades de estas demarcaciones.<\/p>\n\n\n\n<p>\u201cSe trata de acciones que ayudar\u00e1n a abatir el rezago en el sistema de salud y garantizar el derecho a la atenci\u00f3n m\u00e9dica que tienen todas y todos los oaxaque\u00f1os. Es una estrategia exitosa que la Presidenta Claudia Sheinbaum Pardo la retomar\u00e1 para replicarla en todo el pa\u00eds\u201d, afirm\u00f3.<\/p>\n","protected":false},"excerpt":{"rendered":"<p>Redacci\u00f3n\/Zona Roja. Oaxaca de Ju\u00e1rez, Oax., a 4 de febrero de 2025.- Para garantizar la&hellip;<\/p>\n","protected":false},"author":2,"featured_media":77204,"comment_status":"closed","ping_status":"open","sticky":false,"template":"","format":"standard","meta":{"_lmt_disableupdate":"","_lmt_disable":"","_jetpack_memberships_contains_paid_content":false,"footnotes":""},"categories":[109,46],"tags":[939],"class_list":["post-77203","post","type-post","status-publish","format-standard","has-post-thumbnail","hentry","category-minuto-a-minuto","category-zona-blanca","tag-salomon-jara-cruz"],"jetpack_featured_media_url":"https:\/\/zonaroja.com.mx\/wp-content\/uploads\/2025\/02\/Avanza-con-firmeza-Farmacias-Bienestar-a-favor-de-las-y-los-oaxaquenos-3.jpg","jetpack_sharing_enabled":true,"_links":{"self":[{"href":"https:\/\/zonaroja.com.mx\/index.php?rest_route=\/wp\/v2\/posts\/77203","targetHints":{"allow":["GET"]}}],"collection":[{"href":"https:\/\/zonaroja.com.mx\/index.php?rest_route=\/wp\/v2\/posts"}],"about":[{"href":"https:\/\/zonaroja.com.mx\/index.php?rest_route=\/wp\/v2\/types\/post"}],"author":[{"embeddable":true,"href":"https:\/\/zonaroja.com.mx\/index.php?rest_route=\/wp\/v2\/users\/2"}],"replies":[{"embeddable":true,"href":"https:\/\/zonaroja.com.mx\/index.php?rest_route=%2Fwp%2Fv2%2Fcomments&post=77203"}],"version-history":[{"count":1,"href":"https:\/\/zonaroja.com.mx\/index.php?rest_route=\/wp\/v2\/posts\/77203\/revisions"}],"predecessor-version":[{"id":77205,"href":"https:\/\/zonaroja.com.mx\/index.php?rest_route=\/wp\/v2\/posts\/77203\/revisions\/77205"}],"wp:featuredmedia":[{"embeddable":true,"href":"https:\/\/zonaroja.com.mx\/index.php?rest_route=\/wp\/v2\/media\/77204"}],"wp:attachment":[{"href":"https:\/\/zonaroja.com.mx\/index.php?rest_route=%2Fwp%2Fv2%2Fmedia&parent=77203"}],"wp:term":[{"taxonomy":"category","embeddable":true,"href":"https:\/\/zonaroja.com.mx\/index.php?rest_route=%2Fwp%2Fv2%2Fcategories&post=77203"},{"taxonomy":"post_tag","embeddable":true,"href":"https:\/\/zonaroja.com.mx\/index.php?rest_route=%2Fwp%2Fv2%2Ftags&post=77203"}],"curies":[{"name":"wp","href":"https:\/\/api.w.org\/{rel}","templated":true}]}}