{"id":77206,"date":"2025-02-04T22:10:07","date_gmt":"2025-02-05T04:10:07","guid":{"rendered":"https:\/\/zonaroja.com.mx\/?p=77206"},"modified":"2025-02-04T22:10:10","modified_gmt":"2025-02-05T04:10:10","slug":"trabajadores-despedidos-encaran-a-edil-de-oaxaca-de-juarez","status":"publish","type":"post","link":"https:\/\/zonaroja.com.mx\/?p=77206","title":{"rendered":"Trabajadores despedidos encaran a edil de Oaxaca de Ju\u00e1rez"},"content":{"rendered":"\n<p>Raymundo Morales\/Zona Roja.<\/p>\n\n\n\n<p>Oaxaca de Ju\u00e1rez, Oax., a 4 de febrero de 2025.- Una representaci\u00f3n de alrededor de 300 trabajadores despedidos encar\u00f3 al presidente municipal de Oaxaca de Ju\u00e1rez, Raymundo Chagoya, para reclamar la medida y la violaci\u00f3n a sus derechos.<\/p>\n\n\n\n<p>Fue al t\u00e9rmino de la sesi\u00f3n de Cabildo en que, de manera pac\u00edfica, los afectados denunciaron ante el edil las diversas medidas que est\u00e1n adoptando funcionarios de la administraci\u00f3n municipal, al obligarlos a firmar su renuncia.<\/p>\n\n\n\n<p>Asimismo, a quitar checadores, eliminar registros digitales e incluso retirar libretas para que no puedan firmar su asistencia a su centro de trabajo.<\/p>\n\n\n\n<p>Raymundo Chagoya acept\u00f3 que s\u00ed hay despido de personal pero justific\u00f3 que son de confianza y que fueron heredados del gobierno de Francisco Mart\u00ednez Neri, quien, dijo, realiz\u00f3 una contrataci\u00f3n extraordinaria de empleados.<\/p>\n\n\n\n<p>No obstante, los quejosos le reviraron que hab\u00eda casos de empleados que ten\u00edan una antig\u00fcedad de hasta 20 a\u00f1os y que no hab\u00edan llegado con Mart\u00ednez Neri u otro edil en espec\u00edfico, sino porque realmente han desempe\u00f1ado una labor en el ayuntamiento.<\/p>\n\n\n\n<p>La semana pasada, tras la denuncia p\u00fablica, el presidente municipal capitalino neg\u00f3 que haya despidos.<\/p>\n\n\n\n<p>No obstante, la ma\u00f1ana de este martes acept\u00f3 que se est\u00e1 prescindiendo de los servicios del personal de confianza, bajo el argumento que as\u00ed sucede cada trienio.<\/p>\n\n\n\n<p>Finalmente intervino el secretario de Gobierno, No\u00e9 Jara Cruz, quien plante\u00f3 a los afectados una mesa de trabajo, para escuchar las inquietudes y revisar los casos.<\/p>\n\n\n\n<figure class=\"wp-block-embed is-type-rich is-provider-twitter wp-block-embed-twitter\"><div class=\"wp-block-embed__wrapper\">\n<div class=\"twitter-tweet\"><blockquote class=\"twitter-tweet\" data-lang=\"es\"><p lang=\"es\" dir=\"ltr\"><a href=\"https:\/\/twitter.com\/hashtag\/%C3%9AltimoMinuto?src=hash&amp;ref_src=twsrc%5Etfw\">#\u00daltimoMinuto<\/a><br>Al t\u00e9rmino de la sesi\u00f3n de Cabildo del <a href=\"https:\/\/twitter.com\/MunicipioOaxaca?ref_src=twsrc%5Etfw\">@MunicipioOaxaca<\/a>, un grupo de trabajadores protest\u00f3 para denunciar el despido de unos 300 empleados de confianza. <br>El edil <a href=\"https:\/\/twitter.com\/raychagoya?ref_src=twsrc%5Etfw\">@raychagoya<\/a> los escuch\u00f3 y ofreci\u00f3 una mesa de trabajo para revisar los casos. <a href=\"https:\/\/t.co\/ihQF1I1qNl\">pic.twitter.com\/ihQF1I1qNl<\/a><\/p>&mdash; Zona Roja Oaxaca (@ZonaRoja_Oaxaca) <a href=\"https:\/\/twitter.com\/ZonaRoja_Oaxaca\/status\/1886824724753514641?ref_src=twsrc%5Etfw\">4 de febrero de 2025<\/a><\/blockquote><\/div>\n<\/div><\/figure>\n","protected":false},"excerpt":{"rendered":"<p>Raymundo Morales\/Zona Roja. Oaxaca de Ju\u00e1rez, Oax., a 4 de febrero de 2025.- Una representaci\u00f3n&hellip;<\/p>\n","protected":false},"author":2,"featured_media":77207,"comment_status":"closed","ping_status":"open","sticky":false,"template":"","format":"standard","meta":{"_lmt_disableupdate":"","_lmt_disable":"","_jetpack_memberships_contains_paid_content":false,"footnotes":""},"categories":[109,46],"tags":[4142],"class_list":["post-77206","post","type-post","status-publish","format-standard","has-post-thumbnail","hentry","category-minuto-a-minuto","category-zona-blanca","tag-raymundo-chagoya"],"jetpack_featured_media_url":"https:\/\/zonaroja.com.mx\/wp-content\/uploads\/2025\/02\/Raymundo-Chagoya-y-trabajadores-despedidos.jpg","jetpack_sharing_enabled":true,"_links":{"self":[{"href":"https:\/\/zonaroja.com.mx\/index.php?rest_route=\/wp\/v2\/posts\/77206","targetHints":{"allow":["GET"]}}],"collection":[{"href":"https:\/\/zonaroja.com.mx\/index.php?rest_route=\/wp\/v2\/posts"}],"about":[{"href":"https:\/\/zonaroja.com.mx\/index.php?rest_route=\/wp\/v2\/types\/post"}],"author":[{"embeddable":true,"href":"https:\/\/zonaroja.com.mx\/index.php?rest_route=\/wp\/v2\/users\/2"}],"replies":[{"embeddable":true,"href":"https:\/\/zonaroja.com.mx\/index.php?rest_route=%2Fwp%2Fv2%2Fcomments&post=77206"}],"version-history":[{"count":1,"href":"https:\/\/zonaroja.com.mx\/index.php?rest_route=\/wp\/v2\/posts\/77206\/revisions"}],"predecessor-version":[{"id":77208,"href":"https:\/\/zonaroja.com.mx\/index.php?rest_route=\/wp\/v2\/posts\/77206\/revisions\/77208"}],"wp:featuredmedia":[{"embeddable":true,"href":"https:\/\/zonaroja.com.mx\/index.php?rest_route=\/wp\/v2\/media\/77207"}],"wp:attachment":[{"href":"https:\/\/zonaroja.com.mx\/index.php?rest_route=%2Fwp%2Fv2%2Fmedia&parent=77206"}],"wp:term":[{"taxonomy":"category","embeddable":true,"href":"https:\/\/zonaroja.com.mx\/index.php?rest_route=%2Fwp%2Fv2%2Fcategories&post=77206"},{"taxonomy":"post_tag","embeddable":true,"href":"https:\/\/zonaroja.com.mx\/index.php?rest_route=%2Fwp%2Fv2%2Ftags&post=77206"}],"curies":[{"name":"wp","href":"https:\/\/api.w.org\/{rel}","templated":true}]}}