{"id":77212,"date":"2025-02-05T08:15:00","date_gmt":"2025-02-05T14:15:00","guid":{"rendered":"https:\/\/zonaroja.com.mx\/?p=77212"},"modified":"2025-02-05T06:41:08","modified_gmt":"2025-02-05T12:41:08","slug":"descarta-despidos-edil-chagoya-lamenta-deuda-de-238-mdp-que-le-dejo-neri","status":"publish","type":"post","link":"https:\/\/zonaroja.com.mx\/?p=77212","title":{"rendered":"Descarta despidos edil Chagoya; lamenta deuda de 238 mdp que le dej\u00f3 Neri"},"content":{"rendered":"\n<p>Raymundo Morales\/Zona Roja.<\/p>\n\n\n\n<p>Oaxaca de Ju\u00e1rez, Oax., a 5 de febrero de 2025.- El presidente municipal de Oaxaca de Ju\u00e1rez, Raymundo Chagoya, descart\u00f3 que haya despidos masivos en la actual administraci\u00f3n, tras la queja de empleados de confianza.<\/p>\n\n\n\n<p>\u201cNo hay despidos, estamos en una revisi\u00f3n administrativa basada en criterios t\u00e9cnicos y financieros como parte del proceso de entrega-recepci\u00f3n. Detectamos contratos innecesarios y personas que no trabajaban, lo que afecta la operatividad del municipio\u201d, dijo.<\/p>\n\n\n\n<p>En su conferencia de prensa de este martes, expuso que, en el tema de la revisi\u00f3n laboral realizada como parte de la entrega-recepci\u00f3n, se busca poner orden en las finanzas.<\/p>\n\n\n\n<p>Destac\u00f3 asimismo que enfrenta un cr\u00e9dito fiscal de 238 millones de pesos derivado de una mala administraci\u00f3n del gobierno municipal anterior, que encabez\u00f3 el morenista Francisco Mart\u00ednez Neri.<\/p>\n\n\n\n<p>Al hacer un balance de las acciones desplegadas en el primer mes de gobierno, Raymundo Chagoya expuso que se han cumplido con las metas establecidas en materia de seguridad, bacheo y reencarpetamiento, separaci\u00f3n de residuos s\u00f3lidos, rescate de espacios p\u00fablicos, ello gracias al trabajo colaborativo de la poblaci\u00f3n.<\/p>\n\n\n\n<p>Destac\u00f3 que en el tema de seguridad, se mantiene una relaci\u00f3n colaborativa con los tres \u00f3rdenes de gobierno para implementar diversos operativos, adem\u00e1s, en el mes de enero particip\u00f3 de manera activa en las cuatro mesas de seguridad encabezadas por el gobernador Salom\u00f3n Jara Cruz.&nbsp;<\/p>\n\n\n\n<p>Otro tema importante que resalt\u00f3 fue el de la campa\u00f1a \u201cYo me sumo\u201d en coordinaci\u00f3n con el gobierno estatal, la cual plantea incentivar acciones permanentes de separaci\u00f3n de residuos s\u00f3lidos entre las vecinas y vecinos.&nbsp;<\/p>\n\n\n\n<p>Raymundo Chagoya asegur\u00f3 que su administraci\u00f3n analiza el tema de la instalaci\u00f3n de los contenedores de basura en el Centro Hist\u00f3rico, debido que en esta zona se concentra una gran cantidad de residuos.&nbsp;<\/p>\n\n\n\n<p>En materia de gobernabilidad mencion\u00f3 que en este periodo solamente se registr\u00f3 un bloqueo, el cual fue atendido de manera oportuna, mientras que en este mismo mes, pero del 2024 se hab\u00edan registrado 19 en la administraci\u00f3n anterior.&nbsp;<\/p>\n\n\n\n<p>Habl\u00f3 igualmente del modelo \u201cDi\u00e1logos Vecinales\u201d, los cuales en dos jornadas realizadas se han recibido m\u00e1s de dos mil solicitudes, que fueron canalizadas a las distintas Secretar\u00edas e instancias municipales, para ser resueltas sin intermediarios.&nbsp;<\/p>\n\n\n\n<p>Por otra parte, se han rescatado 9 espacios p\u00fablicos mediante 10 Tequios Vecinales, donde destac\u00f3 la participaci\u00f3n de quienes habitan las agencias y colonias, y quienes se han sumado a estas acciones que atienden las causas de la inseguridad y que renuevan el rostro de los lugares comunes.&nbsp;<\/p>\n\n\n\n<p>Tambi\u00e9n \u201cTache al bache\u201d, el programa coordinado con el Gobierno el Estado, ha tenido la mayor inversi\u00f3n municipal en los \u00faltimos trienios, afirm\u00f3, con lo que se han rehabilidado la Tercera Privada de Independencia, Panor\u00e1mica del Cerro del Fort\u00edn, Calle Manuel Ruiz y se encuentran en proceso las calles de Violetas, Alhel\u00ed, Alianza y Avenida Heroico Colegio Militar.\u00a0<\/p>\n\n\n\n<figure class=\"wp-block-embed is-type-rich is-provider-twitter wp-block-embed-twitter\"><div class=\"wp-block-embed__wrapper\">\n<div class=\"twitter-tweet\"><blockquote class=\"twitter-tweet\" data-lang=\"es\"><p lang=\"es\" dir=\"ltr\">En su conferencia de prensa semanal, el presidente municipal de Oaxaca de Ju\u00e1rez (<a href=\"https:\/\/twitter.com\/MunicipioOaxaca?ref_src=twsrc%5Etfw\">@MunicipioOaxaca<\/a>), <a href=\"https:\/\/twitter.com\/raychagoya?ref_src=twsrc%5Etfw\">@raychagoya<\/a>, hizo un balance de las acciones desarrolladas en el primer mes de gobierno, entre ellos el fortalecimiento de la seguridad. <a href=\"https:\/\/t.co\/hKKhh7uh55\">pic.twitter.com\/hKKhh7uh55<\/a><\/p>&mdash; Zona Roja Oaxaca (@ZonaRoja_Oaxaca) <a href=\"https:\/\/twitter.com\/ZonaRoja_Oaxaca\/status\/1886948586836951084?ref_src=twsrc%5Etfw\">5 de febrero de 2025<\/a><\/blockquote><\/div>\n<\/div><\/figure>\n","protected":false},"excerpt":{"rendered":"<p>Raymundo Morales\/Zona Roja. Oaxaca de Ju\u00e1rez, Oax., a 5 de febrero de 2025.- El presidente&hellip;<\/p>\n","protected":false},"author":2,"featured_media":77213,"comment_status":"closed","ping_status":"open","sticky":false,"template":"","format":"standard","meta":{"_lmt_disableupdate":"","_lmt_disable":"","_jetpack_memberships_contains_paid_content":false,"footnotes":""},"categories":[109,46],"tags":[4142],"class_list":["post-77212","post","type-post","status-publish","format-standard","has-post-thumbnail","hentry","category-minuto-a-minuto","category-zona-blanca","tag-raymundo-chagoya"],"jetpack_featured_media_url":"https:\/\/zonaroja.com.mx\/wp-content\/uploads\/2025\/02\/Conferencia-de-prensa-Raymundo-Chagoya.jpeg","jetpack_sharing_enabled":true,"_links":{"self":[{"href":"https:\/\/zonaroja.com.mx\/index.php?rest_route=\/wp\/v2\/posts\/77212","targetHints":{"allow":["GET"]}}],"collection":[{"href":"https:\/\/zonaroja.com.mx\/index.php?rest_route=\/wp\/v2\/posts"}],"about":[{"href":"https:\/\/zonaroja.com.mx\/index.php?rest_route=\/wp\/v2\/types\/post"}],"author":[{"embeddable":true,"href":"https:\/\/zonaroja.com.mx\/index.php?rest_route=\/wp\/v2\/users\/2"}],"replies":[{"embeddable":true,"href":"https:\/\/zonaroja.com.mx\/index.php?rest_route=%2Fwp%2Fv2%2Fcomments&post=77212"}],"version-history":[{"count":1,"href":"https:\/\/zonaroja.com.mx\/index.php?rest_route=\/wp\/v2\/posts\/77212\/revisions"}],"predecessor-version":[{"id":77214,"href":"https:\/\/zonaroja.com.mx\/index.php?rest_route=\/wp\/v2\/posts\/77212\/revisions\/77214"}],"wp:featuredmedia":[{"embeddable":true,"href":"https:\/\/zonaroja.com.mx\/index.php?rest_route=\/wp\/v2\/media\/77213"}],"wp:attachment":[{"href":"https:\/\/zonaroja.com.mx\/index.php?rest_route=%2Fwp%2Fv2%2Fmedia&parent=77212"}],"wp:term":[{"taxonomy":"category","embeddable":true,"href":"https:\/\/zonaroja.com.mx\/index.php?rest_route=%2Fwp%2Fv2%2Fcategories&post=77212"},{"taxonomy":"post_tag","embeddable":true,"href":"https:\/\/zonaroja.com.mx\/index.php?rest_route=%2Fwp%2Fv2%2Ftags&post=77212"}],"curies":[{"name":"wp","href":"https:\/\/api.w.org\/{rel}","templated":true}]}}