{"id":77215,"date":"2025-02-05T09:30:00","date_gmt":"2025-02-05T15:30:00","guid":{"rendered":"https:\/\/zonaroja.com.mx\/?p=77215"},"modified":"2025-02-05T10:10:54","modified_gmt":"2025-02-05T16:10:54","slug":"acata-sheinbaum-orde-de-trum-y-militariza-la-frontera","status":"publish","type":"post","link":"https:\/\/zonaroja.com.mx\/?p=77215","title":{"rendered":"Acata Sheinbaum orden de Trump y militariza la frontera"},"content":{"rendered":"\n<p>Redacci\u00f3n\/Zona Roja Cdmx.<\/p>\n\n\n\n<p>Ciudad de M\u00e9xico, a 5 de febrero de 2025.- Un d\u00eda despu\u00e9s de que la presidenta Claudia Sheinbaum acept\u00f3 reforzar la seguridad para contener el fentanilo y la migraci\u00f3n irregular, comenz\u00f3 el despliegue de 10,000 elementos federales en 18 ciudades fronterizas.<\/p>\n\n\n\n<p>De acuerdo con documentos del gabinete de seguridad, entre las ciudades que forman parte del \u00abOperativo Frontera Norte\u00bb est\u00e1n Tijuana, Tecate, Agua Prieta, Piedras Negras, Ciudad Ju\u00e1rez, Ciudad Mier, Nuevo Laredo y Matamoros, entre otras.<\/p>\n\n\n\n<p>Los efectivos, tanto de la Guardia Nacional como el Ej\u00e9rcito, son traslados desde distintos estados como Hidalgo, Tlaxcala, Estado de M\u00e9xico, Puebla y Veracruz, aunque Sheinbaum asegur\u00f3 que dicho despliegue no descobijar\u00e1 la seguridad en otras regiones.<\/p>\n\n\n\n<p>El lunes, la presidenta Claudia Sheinbaum y su hom\u00f3logo estadounidense, Donald Trump, acordaron posponer, al menos durante un mes, la entrada en vigor de aranceles a productos mexicanos.<\/p>\n\n\n\n<p>Sheinbaum acept\u00f3 desplegar 10,000 efectivos m\u00e1s en la zona fronteriza para reforzar la estrategia en el combate al tr\u00e1fico de drogas, principalmente fentanilo, frenar la migraci\u00f3n hacia territorio estadounidense y evitar el ingreso de armamento ilegal a M\u00e9xico.<\/p>\n\n\n\n<p>El plan contempla el envi\u00f3 de m\u00e1s elementos federales a:<\/p>\n\n\n\n<p>1. Piedras Negras.<br \/>2. Matamoros<br \/>3. San Luis R\u00edo Colorado.<br \/>4. Ciudad Ju\u00e1rez.<br \/>5. Nuevo Laredo.<br \/>6. Tecate.<br \/>7. Tijuana.<br \/>8. Sonoyta.<br \/>9. Mexicali.<br \/>10. Agua Prieta.<br \/>11. Ciudad Acu\u00f1a.<br \/>12. Ojinaga.<br \/>13. Puerto Palomas.<br \/>14. Colombia.<br \/>15. Playa Bagdad.<br \/>16. Ciudad Mier.<br \/>17. Nogales.<br \/>18. Reynosa.<\/p>\n\n\n\n<p>ACCIONES INMEDIATAS<\/p>\n\n\n\n<p>Tras la llamada entre Sheinbaum y Trump, se orden\u00f3 el despliegue inmediato de aeronaves de la Guardia Nacional y de la Fuerza A\u00e9rea Mexicana hacia bases militares ubicadas en estados del sur y sureste del pa\u00eds.<\/p>\n\n\n\n<p>Alrededor de las 15:00 horas del 3 de febrero, un avi\u00f3n C-130 H\u00e9rcules y un C27J Spartan despegaron del Aeropuerto Internacional Felipe \u00c1ngeles con destino a Campeche, mientras que dos Boeing 727 partieron del Aeropuerto Internacional de la Ciudad de M\u00e9xico hacia M\u00e9rida, Yucat\u00e1n, y Canc\u00fan, Quintana Roo.<\/p>\n\n\n\n<p>Tras abastecimiento de materiales y abordaje de 990 uniformados, la ma\u00f1ana de este 4 de febrero las aeronaves partieron desde estos puntos para cumplir con el despliegue militar en la frontera norte:<\/p>\n\n\n\n<p>270 uniformados trasladados a Matamoros, Tamaulipas, desde Campeche.<\/p>\n\n\n\n<p>360 uniformados a Mexicali, Baja California, desde M\u00e9rida<\/p>\n\n\n\n<p>360 uniformados trasladados a Tijuana, Baja California, desde Canc\u00fan.<\/p>\n\n\n\n<p>Mientras se desarrollaba el despliegue a\u00e9reo, 6,310 elementos de la Guardia Nacional y de la Secretar\u00eda de la Defensa Nacional partieron desde diferentes coordinaciones estatales con destino a 13 ciudades del norte del pa\u00eds:<\/p>\n\n\n\n<p>Baja California: Tijuana, Tecate y Mexicali.<\/p>\n\n\n\n<p>Sonora: Agua Prieta y Sonoyta.<\/p>\n\n\n\n<p>Coahuila: Piedras Negras y Ciudad Acu\u00f1a.<\/p>\n\n\n\n<p>Chihuahua: Ojinaga, Puerto Palomas y Ciudad Ju\u00e1rez.<\/p>\n\n\n\n<p>Nuevo Le\u00f3n: Colombia.<\/p>\n\n\n\n<p>Tamaulipas: Playa Bagdad y Ciudad Mier.<\/p>\n\n\n\n<p>(Informaci\u00f3n de Infobae M\u00e9xico)<\/p>\n","protected":false},"excerpt":{"rendered":"<p>Redacci\u00f3n\/Zona Roja Cdmx. Ciudad de M\u00e9xico, a 5 de febrero de 2025.- Un d\u00eda despu\u00e9s&hellip;<\/p>\n","protected":false},"author":2,"featured_media":77216,"comment_status":"closed","ping_status":"open","sticky":false,"template":"","format":"standard","meta":{"_lmt_disableupdate":"","_lmt_disable":"","_jetpack_memberships_contains_paid_content":false,"footnotes":""},"categories":[109,47],"tags":[3370],"class_list":["post-77215","post","type-post","status-publish","format-standard","has-post-thumbnail","hentry","category-minuto-a-minuto","category-zona-gris","tag-claudia-sheinbaum"],"jetpack_featured_media_url":"https:\/\/zonaroja.com.mx\/wp-content\/uploads\/2025\/02\/Guardia-Nacional-despliegue-a-frontera.webp","jetpack_sharing_enabled":true,"_links":{"self":[{"href":"https:\/\/zonaroja.com.mx\/index.php?rest_route=\/wp\/v2\/posts\/77215","targetHints":{"allow":["GET"]}}],"collection":[{"href":"https:\/\/zonaroja.com.mx\/index.php?rest_route=\/wp\/v2\/posts"}],"about":[{"href":"https:\/\/zonaroja.com.mx\/index.php?rest_route=\/wp\/v2\/types\/post"}],"author":[{"embeddable":true,"href":"https:\/\/zonaroja.com.mx\/index.php?rest_route=\/wp\/v2\/users\/2"}],"replies":[{"embeddable":true,"href":"https:\/\/zonaroja.com.mx\/index.php?rest_route=%2Fwp%2Fv2%2Fcomments&post=77215"}],"version-history":[{"count":2,"href":"https:\/\/zonaroja.com.mx\/index.php?rest_route=\/wp\/v2\/posts\/77215\/revisions"}],"predecessor-version":[{"id":77227,"href":"https:\/\/zonaroja.com.mx\/index.php?rest_route=\/wp\/v2\/posts\/77215\/revisions\/77227"}],"wp:featuredmedia":[{"embeddable":true,"href":"https:\/\/zonaroja.com.mx\/index.php?rest_route=\/wp\/v2\/media\/77216"}],"wp:attachment":[{"href":"https:\/\/zonaroja.com.mx\/index.php?rest_route=%2Fwp%2Fv2%2Fmedia&parent=77215"}],"wp:term":[{"taxonomy":"category","embeddable":true,"href":"https:\/\/zonaroja.com.mx\/index.php?rest_route=%2Fwp%2Fv2%2Fcategories&post=77215"},{"taxonomy":"post_tag","embeddable":true,"href":"https:\/\/zonaroja.com.mx\/index.php?rest_route=%2Fwp%2Fv2%2Ftags&post=77215"}],"curies":[{"name":"wp","href":"https:\/\/api.w.org\/{rel}","templated":true}]}}