{"id":77221,"date":"2025-02-05T12:23:00","date_gmt":"2025-02-05T18:23:00","guid":{"rendered":"https:\/\/zonaroja.com.mx\/?p=77221"},"modified":"2025-02-05T07:24:36","modified_gmt":"2025-02-05T13:24:36","slug":"opinion-cabanuelas-para-el-2026","status":"publish","type":"post","link":"https:\/\/zonaroja.com.mx\/?p=77221","title":{"rendered":"Opini\u00f3n. Caba\u00f1uelas para el 2026"},"content":{"rendered":"\n<p>N\u00e9stor Y. S\u00e1nchez Islas<\/p>\n\n\n\n<p>\u00a1Ah, las caba\u00f1uelas! Un asunto que nos ata\u00f1e a todos. Las caba\u00f1uelas son un m\u00e9todo ancestral de adivinaci\u00f3n meteorol\u00f3gica. S\u00ed, \u00a1adivinaci\u00f3n! Como esos juegos de azar que tanto nos gustan, pero con la seriedad que impone la naturaleza. Se basan en la observaci\u00f3n de los cielos y los vientos durante los primeros d\u00edas de enero, cual libro abierto del destino clim\u00e1tico.<\/p>\n\n\n\n<p>La sabidur\u00eda popular, cual libro sagrado, nos dice que las caba\u00f1uelas son un juego de probabilidades, un volado al aire. A veces aciertan, a veces no. Pero, como todo juego, tienen su encanto y su misterio.<\/p>\n\n\n\n<p>Sin embargo, lo que ahora nos interesan son las caba\u00f1uelas pol\u00edticas. Si tomamos en cuenta lo sucedido a lo largo del mes de enero como un aviso de lo que nos espera para el 2026, hay motivo de preocupaci\u00f3n porque se cumplir\u00e1n 20 a\u00f1os de la asonada sindical de 2006.<\/p>\n\n\n\n<p>Tomemos en cuenta el contexto y pensemos cu\u00e1les son las probabilidades de que vuelva Oaxaca a ser v\u00edctima del enfrentamiento entre una mafia sindical contra otra ahora en el poder sabiendo, adem\u00e1s, que del amor al odio hay solo un paso entre los que hace a\u00f1os fueron aliados.<\/p>\n\n\n\n<p>M\u00e1s all\u00e1 de las acciones de personajes particulares, como Flavio Sosa o la dirigente Yenny P\u00e9rez, ambos profundamente involucrados en la violencia, hay que ver que se est\u00e1n dando situaciones en lo general que pueden conducir a un clima de profunda inestabilidad pol\u00edtica. El hecho de que existan probabilidades no quiere decir que as\u00ed deba ser.<\/p>\n\n\n\n<p>El gobierno estatal atraviesa una profunda crisis tanto en Oaxaca como en la CDMX, sede real del poder pol\u00edtico nacional. La conducta de quienes prometieron ser diferentes pero que han repetido de peor manera los vicios de los anteriores gobiernos le pasa factura a la gobernabilidad de esta administraci\u00f3n.<\/p>\n\n\n\n<p>Son evidentes los excesos de nepotismo de la mayor\u00eda de los funcionarios p\u00fablicos, incluido al gobernador. Las redes sociales no se cansan de exhibir hasta con fotos a la gran cantidad de familiares en puestos de todos los niveles. A la titular de turismo le han documentado una serie de excesos y falta de capacidad. Al titular del IEEPO le encontraron que renta un hotel de lujo completo en San Felipe para \u00e9l solo. A la SEMOVI su inutilidad, corrupci\u00f3n y abusiva polic\u00eda vial. A otras instituciones el uso de empresas fachada e inclusive, boletinadas por el SAT o, la ola de asesinatos y crimen en aumento. Las acciones y omisiones de esta administraci\u00f3n provocaron que mucha gente les diera la espalda y lo manifiesta diariamente en los medios a su alcance.<\/p>\n\n\n\n<p>En la capital del pa\u00eds las cosas no pintan bien para este gobierno. Bastan dos ejemplos. El diario La Jornada le dedic\u00f3 la nota de ocho criticando sus pol\u00edticas de seguridad. La semana pasada lo remat\u00f3 Luis Hern\u00e1ndez Navarro y su art\u00edculo \u201cLa marchita primavera\u201d. Dado que el medio es el mensaje, no es casualidad que haya utilizado ese peri\u00f3dico para mandarle un fuerte aviso al gobierno de Oaxaca. La otra se\u00f1al de gran debilidad es la identificaci\u00f3n de Jara con Rub\u00e9n Rocha desde la prensa nacional en la que los colocan como los peores gobernadores del pa\u00eds y piden su relevo inmediato.<\/p>\n\n\n\n<p>Sin embargo, esta situaci\u00f3n de debilidad no es para festejarse porque de una u otra manera usted y yo pagar\u00edamos el pato ante las se\u00f1ales de la Secci\u00f3n 22, que ya oli\u00f3 la sangre de su probable v\u00edctima, nos recet\u00f3 esta semana otra de sus a\u00f1ejas, molestas y setenteras dosis de bloqueos, caos e inestabilidad. Podemos simpatizar o no con el gobernador, pero Oaxaca no necesita otro 2006 que de heroico no tuvo nada.<\/p>\n\n\n\n<p>El a\u00f1o pr\u00f3ximo tendr\u00e1n pretexto para salir a las calles a festejar lo que ellos llaman lucha pero que nosotros calificamos de terrorismo y que, al final, no dej\u00f3 beneficio alguno m\u00e1s que a los mismos sindicalistas que han recibido prebendas enormes y, a sus socios de la APO, que les permiti\u00f3 llegar al poder manejando la vieja narrativa victimista, patriotera y degradada del viejo populismo de izquierda.<\/p>\n\n\n\n<p>A un a\u00f1o de distancia y analizando el contexto actual no es exagerado pensar que el 2026 ser\u00e1 de agitaci\u00f3n. El gobernador, debilitado como est\u00e1, no se mover\u00e1 si no existe la voluntad desde la CDMX. Podemos decir en prensa y redes sociales muchas cosas, pero su futuro depende de qui\u00e9n despacha en Palacio Nacional o en Palenque m\u00e1s que de nosotros.<\/p>\n\n\n\n<p>La lucha interna de Morena puede volver a colocarnos al centro de un conflicto como el que tuvieron Ulises Ru\u00edz con Murat en 2006 y hoy podr\u00eda ser entre Jara y los Murat. Resulta parad\u00f3jico que los que hace 20 a\u00f1os ped\u00edan la salida del gobernador en turno hoy sean ellos los que la gente pide que se vayan.<\/p>\n\n\n\n<p>Las caba\u00f1uelas son parte de nuestra cultura, como los tamales y el mezcal. Son una tradici\u00f3n que nos conecta con nuestros antepasados, con su sabidur\u00eda y sus creencias, pero no dejan de ser un juego de azar y hay que entenderlas con precauci\u00f3n.<\/p>\n\n\n\n<p>nestoryuri@yahoo.com<\/p>\n","protected":false},"excerpt":{"rendered":"<p>N\u00e9stor Y. S\u00e1nchez Islas \u00a1Ah, las caba\u00f1uelas! Un asunto que nos ata\u00f1e a todos. Las&hellip;<\/p>\n","protected":false},"author":2,"featured_media":67897,"comment_status":"closed","ping_status":"open","sticky":false,"template":"","format":"standard","meta":{"_lmt_disableupdate":"","_lmt_disable":"","_jetpack_memberships_contains_paid_content":false,"footnotes":""},"categories":[456,109],"tags":[3050],"class_list":["post-77221","post","type-post","status-publish","format-standard","has-post-thumbnail","hentry","category-columna","category-minuto-a-minuto","tag-nestor-yuri-sanchez"],"jetpack_featured_media_url":"https:\/\/zonaroja.com.mx\/wp-content\/uploads\/2024\/05\/Opinion-Nestor-Yuri-Sanchez.jpeg","jetpack_sharing_enabled":true,"_links":{"self":[{"href":"https:\/\/zonaroja.com.mx\/index.php?rest_route=\/wp\/v2\/posts\/77221","targetHints":{"allow":["GET"]}}],"collection":[{"href":"https:\/\/zonaroja.com.mx\/index.php?rest_route=\/wp\/v2\/posts"}],"about":[{"href":"https:\/\/zonaroja.com.mx\/index.php?rest_route=\/wp\/v2\/types\/post"}],"author":[{"embeddable":true,"href":"https:\/\/zonaroja.com.mx\/index.php?rest_route=\/wp\/v2\/users\/2"}],"replies":[{"embeddable":true,"href":"https:\/\/zonaroja.com.mx\/index.php?rest_route=%2Fwp%2Fv2%2Fcomments&post=77221"}],"version-history":[{"count":1,"href":"https:\/\/zonaroja.com.mx\/index.php?rest_route=\/wp\/v2\/posts\/77221\/revisions"}],"predecessor-version":[{"id":77222,"href":"https:\/\/zonaroja.com.mx\/index.php?rest_route=\/wp\/v2\/posts\/77221\/revisions\/77222"}],"wp:featuredmedia":[{"embeddable":true,"href":"https:\/\/zonaroja.com.mx\/index.php?rest_route=\/wp\/v2\/media\/67897"}],"wp:attachment":[{"href":"https:\/\/zonaroja.com.mx\/index.php?rest_route=%2Fwp%2Fv2%2Fmedia&parent=77221"}],"wp:term":[{"taxonomy":"category","embeddable":true,"href":"https:\/\/zonaroja.com.mx\/index.php?rest_route=%2Fwp%2Fv2%2Fcategories&post=77221"},{"taxonomy":"post_tag","embeddable":true,"href":"https:\/\/zonaroja.com.mx\/index.php?rest_route=%2Fwp%2Fv2%2Ftags&post=77221"}],"curies":[{"name":"wp","href":"https:\/\/api.w.org\/{rel}","templated":true}]}}