{"id":77223,"date":"2025-02-05T11:25:00","date_gmt":"2025-02-05T17:25:00","guid":{"rendered":"https:\/\/zonaroja.com.mx\/?p=77223"},"modified":"2025-02-05T07:27:52","modified_gmt":"2025-02-05T13:27:52","slug":"avanzan-obras-de-rehabilitacion-de-vialidades-en-santa-cruz-xoxocotlan","status":"publish","type":"post","link":"https:\/\/zonaroja.com.mx\/?p=77223","title":{"rendered":"Avanzan obras de rehabilitaci\u00f3n de vialidades en Santa Cruz Xoxocotl\u00e1n"},"content":{"rendered":"\n<p>Redacci\u00f3n\/Zona Roja.<\/p>\n\n\n\n<p>Santa Cruz Xoxocotl\u00e1n, Oax., a 5 de febrero de 2025.- La presidenta municipal de Santa Cruz Xoxocotl\u00e1n, Nancy Ben\u00edtez Z\u00e1rate, supervis\u00f3 los avances del programa \u00abTache al Bache\u00bb, una iniciativa clave emprendida dentro de sus primeros 100 d\u00edas de gobierno, para mejorar la infraestructura vial del municipio.<\/p>\n\n\n\n<p>\u00abAgradecemos al ingeniero Salom\u00f3n Jara Cruz, gobernador del estado de Oaxaca, todo el apoyo que nos brind\u00f3 para la rehabilitaci\u00f3n de esta avenida, estas acciones que benefician a nuestra comunidad. La Cuarta Transformaci\u00f3n est\u00e1 presente en nuestro municipio\u00bb, expres\u00f3 Ben\u00edtez Z\u00e1rate.<\/p>\n\n\n\n<p>Desde la carretera que conduce a San Antonio Arrazola, la edil destac\u00f3 que se contemplan el reencarpetamiento y bacheo de 4.9 kil\u00f3metros en esta vialidad.<\/p>\n\n\n\n<p>\u201cEstamos aqu\u00ed presenciando todos los trabajos que se est\u00e1n realizando con el programa \u00abTache al Bache\u00bb. Esto es derivado de la coordinaci\u00f3n que se hizo en la Zona Metropolitana\u201d, se\u00f1al\u00f3 la mun\u00edcipe.<\/p>\n\n\n\n<p>Para estas acciones de reencarpetamiento y bacheo, se cuenta con una inversi\u00f3n de 15 millones de pesos, para rehabilitar un total de 24.78 kil\u00f3metros en diversas zonas estrat\u00e9gicas del municipio, incluyendo la calle a San Antonio Arrazola y los bulevares \u201cEscuela M\u00e9dico Militar\u201d y \u201cGuadalupe Hinojosa\u201d.<\/p>\n\n\n\n<p>Con ello, la administraci\u00f3n municipal reafirma su compromiso de mejorar la movilidad y seguridad vial para las y los habitantes de Xoxocotl\u00e1n.<\/p>\n","protected":false},"excerpt":{"rendered":"<p>Redacci\u00f3n\/Zona Roja. Santa Cruz Xoxocotl\u00e1n, Oax., a 5 de febrero de 2025.- La presidenta municipal&hellip;<\/p>\n","protected":false},"author":2,"featured_media":77225,"comment_status":"closed","ping_status":"open","sticky":false,"template":"","format":"standard","meta":{"_lmt_disableupdate":"","_lmt_disable":"","_jetpack_memberships_contains_paid_content":false,"footnotes":""},"categories":[109,47],"tags":[133],"class_list":["post-77223","post","type-post","status-publish","format-standard","has-post-thumbnail","hentry","category-minuto-a-minuto","category-zona-gris","tag-santa-cruz-xoxocotlan"],"jetpack_featured_media_url":"https:\/\/zonaroja.com.mx\/wp-content\/uploads\/2025\/02\/Bacheo-Xoxocotlan.jpeg","jetpack_sharing_enabled":true,"_links":{"self":[{"href":"https:\/\/zonaroja.com.mx\/index.php?rest_route=\/wp\/v2\/posts\/77223","targetHints":{"allow":["GET"]}}],"collection":[{"href":"https:\/\/zonaroja.com.mx\/index.php?rest_route=\/wp\/v2\/posts"}],"about":[{"href":"https:\/\/zonaroja.com.mx\/index.php?rest_route=\/wp\/v2\/types\/post"}],"author":[{"embeddable":true,"href":"https:\/\/zonaroja.com.mx\/index.php?rest_route=\/wp\/v2\/users\/2"}],"replies":[{"embeddable":true,"href":"https:\/\/zonaroja.com.mx\/index.php?rest_route=%2Fwp%2Fv2%2Fcomments&post=77223"}],"version-history":[{"count":1,"href":"https:\/\/zonaroja.com.mx\/index.php?rest_route=\/wp\/v2\/posts\/77223\/revisions"}],"predecessor-version":[{"id":77226,"href":"https:\/\/zonaroja.com.mx\/index.php?rest_route=\/wp\/v2\/posts\/77223\/revisions\/77226"}],"wp:featuredmedia":[{"embeddable":true,"href":"https:\/\/zonaroja.com.mx\/index.php?rest_route=\/wp\/v2\/media\/77225"}],"wp:attachment":[{"href":"https:\/\/zonaroja.com.mx\/index.php?rest_route=%2Fwp%2Fv2%2Fmedia&parent=77223"}],"wp:term":[{"taxonomy":"category","embeddable":true,"href":"https:\/\/zonaroja.com.mx\/index.php?rest_route=%2Fwp%2Fv2%2Fcategories&post=77223"},{"taxonomy":"post_tag","embeddable":true,"href":"https:\/\/zonaroja.com.mx\/index.php?rest_route=%2Fwp%2Fv2%2Ftags&post=77223"}],"curies":[{"name":"wp","href":"https:\/\/api.w.org\/{rel}","templated":true}]}}