{"id":77228,"date":"2025-02-05T15:22:20","date_gmt":"2025-02-05T21:22:20","guid":{"rendered":"https:\/\/zonaroja.com.mx\/?p=77228"},"modified":"2025-02-05T15:22:21","modified_gmt":"2025-02-05T21:22:21","slug":"anuncia-sheinbaum-dos-nuevas-reformas-para-cargos-de-eleccion-popular","status":"publish","type":"post","link":"https:\/\/zonaroja.com.mx\/?p=77228","title":{"rendered":"Anuncia Sheinbaum dos nuevas reformas para cargos de elecci\u00f3n popular"},"content":{"rendered":"\n<p>Redacci\u00f3n\/Zona Roja Cdmx.<\/p>\n\n\n\n<p>Ciudad de M\u00e9xico, a 5 de febrero de 2025.- La Presidenta Claudia Sheinbaum anunci\u00f3 que enviar\u00e1 dos nuevas iniciativas de reforma al Congreso de la Uni\u00f3n para evitar la reelecci\u00f3n y la sucesi\u00f3n de familiares en puestos de elecci\u00f3n popular.<\/p>\n\n\n\n<p>Durante la ceremonia por el 108 aniversario de la Constituci\u00f3n efectuada en Quer\u00e9taro, la mandataria destac\u00f3 las reformas implementadas en la gesti\u00f3n del ex presidente Andr\u00e9s Manuel L\u00f3pez Obrador, como la de programas sociales, salario m\u00ednimo y del Poder Judicial para la elecci\u00f3n de jueces, magistrados y ministros.<\/p>\n\n\n\n<p>\u200b\u201cHoy, 5 de febrero, no puedo dejar pasar la fecha, as\u00ed que estoy enviando al Congreso de la Uni\u00f3n dos nuevas reformas constitucionales. La primera, en honor a la Constituci\u00f3n de 1917, la no reelecci\u00f3n a ning\u00fan puesto de elecci\u00f3n popular.<\/p>\n\n\n\n<p>\u201cLa segunda, la prohibici\u00f3n expresa de que ning\u00fan familiar pueda suceder de manera inmediata a otro, trat\u00e1ndose de un puesto de elecci\u00f3n popular, es decir, no al nepotismo\u201d, dijo.<\/p>\n\n\n\n<p>En su discurso, Sheinbaum Pardo recalc\u00f3 la importancia de la reforma judicial como una de las \u201cm\u00e1s profundas\u201d que se enviaron al Congreso durante el sexenio anterior.<\/p>\n\n\n\n<p>\u201cQuiz\u00e1 una de las m\u00e1s importantes y profundas reformas que se enviaron y que hoy es parte de la Constituci\u00f3n que honramos en respetar, es la reforma al Poder Judicial. Con base en el art\u00edculo 39 que establece que todo poder p\u00fablico viene del pueblo, el pueblo decidi\u00f3 que los jueces, magistrados y ministros sean electos por el pueblo de M\u00e9xico. As\u00ed que este 1 de junio habr\u00e1 elecci\u00f3n en nuestro pa\u00eds\u201d, se\u00f1al\u00f3.<\/p>\n\n\n\n<p>(Informaci\u00f3n de \u201cMilenio\u201d)<\/p>\n","protected":false},"excerpt":{"rendered":"<p>Redacci\u00f3n\/Zona Roja Cdmx. Ciudad de M\u00e9xico, a 5 de febrero de 2025.- La Presidenta Claudia&hellip;<\/p>\n","protected":false},"author":2,"featured_media":77230,"comment_status":"closed","ping_status":"open","sticky":false,"template":"","format":"standard","meta":{"_lmt_disableupdate":"","_lmt_disable":"","_jetpack_memberships_contains_paid_content":false,"footnotes":""},"categories":[109,46],"tags":[3370],"class_list":["post-77228","post","type-post","status-publish","format-standard","has-post-thumbnail","hentry","category-minuto-a-minuto","category-zona-blanca","tag-claudia-sheinbaum"],"jetpack_featured_media_url":"https:\/\/zonaroja.com.mx\/wp-content\/uploads\/2025\/02\/Claudia-Sheinbaum-Queretaro.jpeg","jetpack_sharing_enabled":true,"_links":{"self":[{"href":"https:\/\/zonaroja.com.mx\/index.php?rest_route=\/wp\/v2\/posts\/77228","targetHints":{"allow":["GET"]}}],"collection":[{"href":"https:\/\/zonaroja.com.mx\/index.php?rest_route=\/wp\/v2\/posts"}],"about":[{"href":"https:\/\/zonaroja.com.mx\/index.php?rest_route=\/wp\/v2\/types\/post"}],"author":[{"embeddable":true,"href":"https:\/\/zonaroja.com.mx\/index.php?rest_route=\/wp\/v2\/users\/2"}],"replies":[{"embeddable":true,"href":"https:\/\/zonaroja.com.mx\/index.php?rest_route=%2Fwp%2Fv2%2Fcomments&post=77228"}],"version-history":[{"count":1,"href":"https:\/\/zonaroja.com.mx\/index.php?rest_route=\/wp\/v2\/posts\/77228\/revisions"}],"predecessor-version":[{"id":77231,"href":"https:\/\/zonaroja.com.mx\/index.php?rest_route=\/wp\/v2\/posts\/77228\/revisions\/77231"}],"wp:featuredmedia":[{"embeddable":true,"href":"https:\/\/zonaroja.com.mx\/index.php?rest_route=\/wp\/v2\/media\/77230"}],"wp:attachment":[{"href":"https:\/\/zonaroja.com.mx\/index.php?rest_route=%2Fwp%2Fv2%2Fmedia&parent=77228"}],"wp:term":[{"taxonomy":"category","embeddable":true,"href":"https:\/\/zonaroja.com.mx\/index.php?rest_route=%2Fwp%2Fv2%2Fcategories&post=77228"},{"taxonomy":"post_tag","embeddable":true,"href":"https:\/\/zonaroja.com.mx\/index.php?rest_route=%2Fwp%2Fv2%2Ftags&post=77228"}],"curies":[{"name":"wp","href":"https:\/\/api.w.org\/{rel}","templated":true}]}}