{"id":77234,"date":"2025-02-05T18:38:33","date_gmt":"2025-02-06T00:38:33","guid":{"rendered":"https:\/\/zonaroja.com.mx\/?p=77234"},"modified":"2025-02-05T18:38:35","modified_gmt":"2025-02-06T00:38:35","slug":"opinion-el-pueblo-pone-el-pueblo-quita","status":"publish","type":"post","link":"https:\/\/zonaroja.com.mx\/?p=77234","title":{"rendered":"Opini\u00f3n. \u201cEl pueblo pone, el pueblo quita\u201d"},"content":{"rendered":"\n<p>Isidoro Yescas*<\/p>\n\n\n\n<p>Bajo la premisa de que \u00abel pueblo pone y el pueblo quita\u00bb, en el 2021 el expresidente Andr\u00e9s Manuel L\u00f3pez Obrador impuls\u00f3 que la revocaci\u00f3n de mandato se volviera ley, disposici\u00f3n que luego se replic\u00f3 en la mayor\u00eda de las entidades federativas gobernadas por Morena.&nbsp;<\/p>\n\n\n\n<p>Un a\u00f1o despu\u00e9s, el 10 de abril del 2022, m\u00e1s de 16 millones de mexicanos y mexicanas votaron por el SI a la continuidad del mandato de AMLO.<\/p>\n\n\n\n<p>A la fecha en ning\u00fan estado se ha aplicado esta ley, no solamente porque lo<\/p>\n\n\n\n<p>gobernadores o gobernadoras en turno se han abstenido de promoverlo, como s\u00ed ocurri\u00f3 con AMLO, sino porque las leyes locales en materia de revocaci\u00f3n de mandato se redactaron en t\u00e9rminos tales que, al menos que tenga el visto bueno del jefe del Poder Ejecutivo estatal, resulta casi imposible su aplicaci\u00f3n.<\/p>\n\n\n\n<p>Y la Ley de Revocaci\u00f3n de Mandato del Estado de Oaxaca aprobado por la LXV Legislatura local el 18 de enero del 2023 es el mejor ejemplo.<\/p>\n\n\n\n<p>\u00bfQu\u00e9 tipo de obst\u00e1culos impiden o estar\u00edan impidiendo este ejercicio de democracia ciudadana participativa?<\/p>\n\n\n\n<p>Uno. Se requiere que la solicitud est\u00e9 respaldada por el 10 por ciento de la ciudadan\u00eda inscrita en la lista nominal de electores, es decir, poco m\u00e1s de 300 mil firmas, si se considera que el listado nominal del estado de Oaxaca supera los tres millones de electores.<\/p>\n\n\n\n<p>Dos. Quienes firmen la solicitud deben residir en la mitad m\u00e1s uno de los municipios de la entidad. Esto es, en por lo menos 286 de un total de 570 municipios.<\/p>\n\n\n\n<p>Tres. De acuerdo a lo establecido en el art\u00edculo 11 de la citada ley, \u00ablas ciudadanas y ciudadanos interesados en presentar la solicitud (de revocaci\u00f3n de mandato) deber\u00e1n informar su intenci\u00f3n al Instituto (EEPCO), durante el primer mes posterior a la conclusi\u00f3n del tercer a\u00f1o del per\u00edodo constitucional de la persona que ostente la titularidad del (sic) gubernatura del estado.&nbsp;<\/p>\n\n\n\n<p>A este efecto, podr\u00e1n recabar firmas para la solicitud de revocaci\u00f3n de mandato durante el mes previo a la fecha se\u00f1alada anteriormente. El Instituto emitir\u00e1, a partir de esta fecha, los formatos impresos y medios electr\u00f3nicos para la recopilaci\u00f3n de firmas, as\u00ed como los lineamientos para las actividades relacionadas.<\/p>\n\n\n\n<p>El primer mes posterior a la conclusi\u00f3n del tercer a\u00f1o del gobernador Salom\u00f3n Jara es el mes de enero del 2025, pero, de acuerdo al texto citado, las partes interesadas solamente disponen de un mes, diciembre del 2024, para recabar firmas entre ciudadanas y ciudadanos radicados en por lo menos 286 municipios de la entidad.&nbsp;<\/p>\n\n\n\n<p>Adem\u00e1s, estas firmas, \u201cdeber\u00e1n recabarse en los formatos impresos y medios electr\u00f3nicos\u00bb que el IEEPCO apruebe y emita.<\/p>\n\n\n\n<p>Existen toda una tramitolog\u00eda para esta parte que pasa por la validaci\u00f3n de toda la documentaci\u00f3n por parte del lEEPCO y termina por un si o no por parte del TEEO que, para variar, carece de autonom\u00eda plena para tomar decisiones de esta naturaleza.<\/p>\n\n\n\n<p>Sin embargo, en el supuesto de que se libren todo los obst\u00e1culos legales, operativos y financieros para recabar las firmas y que finalmente se lleve a cabo la consulta para la revocaci\u00f3n de mandato, nada asegura que triunfe el NO pues para eso habr\u00eda que librar un \u00faltimo obst\u00e1culo: cumplir con lo que se establece en el art\u00edculo 58 que se\u00f1ala como condici\u00f3n para que proceda la revocaci\u00f3n la participaci\u00f3n del 40 por ciento de las personas inscritas en la lista nominal de electores.&nbsp;<\/p>\n\n\n\n<p>Es decir, que de poco m\u00e1s de tres millones de electores voten por el NO, alrededor de un mill\u00f3n 200 mil electores.<\/p>\n\n\n\n<p>Con toda y la crisis de legitimidad y de credibilidad que enfrenta el jefe del Poder Ejecutivo, el otro escenario es que la nomenclatura primaveral se juegue el todo por el todo y, en un escenario de realizaci\u00f3n de la jornada electoral para un SI o NO le apueste a la continuidad confiado que tiene con que: recursos econ\u00f3micos de sobra, control de los tres poderes, control del IEEPCO y del TEEO, y capacidad de presi\u00f3n y chantaje hacia los gobiernos municipales.<\/p>\n\n\n\n<p>*Maestro en Sociolog\u00eda.<\/p>\n\n\n\n<p>X: @Yescas sidoro<\/p>\n","protected":false},"excerpt":{"rendered":"<p>Isidoro Yescas* Bajo la premisa de que \u00abel pueblo pone y el pueblo quita\u00bb, en&hellip;<\/p>\n","protected":false},"author":2,"featured_media":71623,"comment_status":"closed","ping_status":"open","sticky":false,"template":"","format":"standard","meta":{"_lmt_disableupdate":"","_lmt_disable":"","_jetpack_memberships_contains_paid_content":false,"footnotes":""},"categories":[456,109],"tags":[3998],"class_list":["post-77234","post","type-post","status-publish","format-standard","has-post-thumbnail","hentry","category-columna","category-minuto-a-minuto","tag-isidoro-yescas-martinez"],"jetpack_featured_media_url":"https:\/\/zonaroja.com.mx\/wp-content\/uploads\/2024\/08\/Opinion.-Isidoro-Yescas.jpg","jetpack_sharing_enabled":true,"_links":{"self":[{"href":"https:\/\/zonaroja.com.mx\/index.php?rest_route=\/wp\/v2\/posts\/77234","targetHints":{"allow":["GET"]}}],"collection":[{"href":"https:\/\/zonaroja.com.mx\/index.php?rest_route=\/wp\/v2\/posts"}],"about":[{"href":"https:\/\/zonaroja.com.mx\/index.php?rest_route=\/wp\/v2\/types\/post"}],"author":[{"embeddable":true,"href":"https:\/\/zonaroja.com.mx\/index.php?rest_route=\/wp\/v2\/users\/2"}],"replies":[{"embeddable":true,"href":"https:\/\/zonaroja.com.mx\/index.php?rest_route=%2Fwp%2Fv2%2Fcomments&post=77234"}],"version-history":[{"count":1,"href":"https:\/\/zonaroja.com.mx\/index.php?rest_route=\/wp\/v2\/posts\/77234\/revisions"}],"predecessor-version":[{"id":77235,"href":"https:\/\/zonaroja.com.mx\/index.php?rest_route=\/wp\/v2\/posts\/77234\/revisions\/77235"}],"wp:featuredmedia":[{"embeddable":true,"href":"https:\/\/zonaroja.com.mx\/index.php?rest_route=\/wp\/v2\/media\/71623"}],"wp:attachment":[{"href":"https:\/\/zonaroja.com.mx\/index.php?rest_route=%2Fwp%2Fv2%2Fmedia&parent=77234"}],"wp:term":[{"taxonomy":"category","embeddable":true,"href":"https:\/\/zonaroja.com.mx\/index.php?rest_route=%2Fwp%2Fv2%2Fcategories&post=77234"},{"taxonomy":"post_tag","embeddable":true,"href":"https:\/\/zonaroja.com.mx\/index.php?rest_route=%2Fwp%2Fv2%2Ftags&post=77234"}],"curies":[{"name":"wp","href":"https:\/\/api.w.org\/{rel}","templated":true}]}}