{"id":77239,"date":"2025-02-05T20:56:51","date_gmt":"2025-02-06T02:56:51","guid":{"rendered":"https:\/\/zonaroja.com.mx\/?p=77239"},"modified":"2025-02-05T20:56:53","modified_gmt":"2025-02-06T02:56:53","slug":"violencia-cotidiana-en-el-istmo-una-mujer-asesinada-y-un-individuo-baleado","status":"publish","type":"post","link":"https:\/\/zonaroja.com.mx\/?p=77239","title":{"rendered":"Violencia cotidiana en el Istmo: una mujer asesinada y un individuo baleado"},"content":{"rendered":"\n<p>Raymundo Morales\/Zona Roja.<\/p>\n\n\n\n<p>Oaxaca de Ju\u00e1rez, Oax., a 5 de febrero de 2025.- La violencia no cesa en la regi\u00f3n del Istmo de Tehuantepec y este mi\u00e9rcoles asesinaron a una mujer en Santo Domingo Zanatepec.<\/p>\n\n\n\n<p>Sujetos desconocidos atacaron a machetazos a una femenina identificada de manera preliminar como Minerva \u201cN\u201d, cuando se encontraba en su domicilio en la colonia Carlos S\u00e1nchez.<\/p>\n\n\n\n<p>No hay hasta ahora m\u00e1s precisi\u00f3n sobre el caso pues tras las llamadas de emergencia, las corporaciones policiacas arribaron al hogar, ubicado en la calle Mitla y hallaron el cuerpo de la femenina, con varias lesiones producidas por arma cortocontundente.<\/p>\n\n\n\n<p>Param\u00e9dicos corroboraron posteriormente que ya no contaba con signos vitales, por lo cual dieron aviso al Ministerio P\u00fablico. La Vicefiscal\u00eda Regional del Istmo inici\u00f3 las indagatorias bajo los protocolos de feminicidios.<\/p>\n\n\n\n<p>Por otra parte, esta noche en el municipio de San Blas Atempa se registr\u00f3 un ataque armado con saldo preliminar de una persona lesionada.<\/p>\n\n\n\n<p>Ocurri\u00f3 en un domicilio de la colonia San Marcial, a donde arribaron polic\u00edas locales pero s\u00f3lo para acordonar la zona, pues seg\u00fan los datos preliminares, el cuerpo hab\u00eda sido llevado por sus familiares a un hospital.<\/p>\n\n\n\n<p>En este momento las autoridades ministeriales a\u00fan se encuentran en la zona con la finalidad de recabar m\u00e1s datos.<\/p>\n","protected":false},"excerpt":{"rendered":"<p>Raymundo Morales\/Zona Roja. Oaxaca de Ju\u00e1rez, Oax., a 5 de febrero de 2025.- La violencia&hellip;<\/p>\n","protected":false},"author":2,"featured_media":68132,"comment_status":"closed","ping_status":"open","sticky":false,"template":"","format":"standard","meta":{"_lmt_disableupdate":"","_lmt_disable":"","_jetpack_memberships_contains_paid_content":false,"footnotes":""},"categories":[109,51],"tags":[809],"class_list":["post-77239","post","type-post","status-publish","format-standard","has-post-thumbnail","hentry","category-minuto-a-minuto","category-zona-roja","tag-santo-domingo-zanatepec"],"jetpack_featured_media_url":"https:\/\/zonaroja.com.mx\/wp-content\/uploads\/2024\/05\/Feminicidio-asesinato-mujer.jpeg","jetpack_sharing_enabled":true,"_links":{"self":[{"href":"https:\/\/zonaroja.com.mx\/index.php?rest_route=\/wp\/v2\/posts\/77239","targetHints":{"allow":["GET"]}}],"collection":[{"href":"https:\/\/zonaroja.com.mx\/index.php?rest_route=\/wp\/v2\/posts"}],"about":[{"href":"https:\/\/zonaroja.com.mx\/index.php?rest_route=\/wp\/v2\/types\/post"}],"author":[{"embeddable":true,"href":"https:\/\/zonaroja.com.mx\/index.php?rest_route=\/wp\/v2\/users\/2"}],"replies":[{"embeddable":true,"href":"https:\/\/zonaroja.com.mx\/index.php?rest_route=%2Fwp%2Fv2%2Fcomments&post=77239"}],"version-history":[{"count":1,"href":"https:\/\/zonaroja.com.mx\/index.php?rest_route=\/wp\/v2\/posts\/77239\/revisions"}],"predecessor-version":[{"id":77240,"href":"https:\/\/zonaroja.com.mx\/index.php?rest_route=\/wp\/v2\/posts\/77239\/revisions\/77240"}],"wp:featuredmedia":[{"embeddable":true,"href":"https:\/\/zonaroja.com.mx\/index.php?rest_route=\/wp\/v2\/media\/68132"}],"wp:attachment":[{"href":"https:\/\/zonaroja.com.mx\/index.php?rest_route=%2Fwp%2Fv2%2Fmedia&parent=77239"}],"wp:term":[{"taxonomy":"category","embeddable":true,"href":"https:\/\/zonaroja.com.mx\/index.php?rest_route=%2Fwp%2Fv2%2Fcategories&post=77239"},{"taxonomy":"post_tag","embeddable":true,"href":"https:\/\/zonaroja.com.mx\/index.php?rest_route=%2Fwp%2Fv2%2Ftags&post=77239"}],"curies":[{"name":"wp","href":"https:\/\/api.w.org\/{rel}","templated":true}]}}