{"id":77262,"date":"2025-02-06T12:30:00","date_gmt":"2025-02-06T18:30:00","guid":{"rendered":"https:\/\/zonaroja.com.mx\/?p=77262"},"modified":"2025-02-06T08:35:03","modified_gmt":"2025-02-06T14:35:03","slug":"dos-oaxaquenas-en-la-boleta-por-una-magistratura-en-la-sala-xalapa-del-tepjf","status":"publish","type":"post","link":"https:\/\/zonaroja.com.mx\/?p=77262","title":{"rendered":"Dos oaxaque\u00f1as en la boleta por una magistratura en la Sala Xalapa del TEPJF"},"content":{"rendered":"\n<p>Redacci\u00f3n\/SemM\u00e9xico<\/p>\n\n\n\n<p>Oaxaca de Ju\u00e1rez, Oax., a 6 de febrero de 2026.- Las abogadas Camelia Gaspar Mart\u00ednez y Roselia Bustillos Mar\u00edn se encuentran entre el grupo de nueve personas, tres hombres y seis mujeres, que buscan una magistratura en la Sala Regional de la Tercera circunscripci\u00f3n del Tribunal Electoral del Poder Judicial de la Federaci\u00f3n (TEPJF).<\/p>\n\n\n\n<p>De acuerdo con la lista de aspirantes insaculados seleccionada por el Comit\u00e9 de Evaluaci\u00f3n del Poder Ejecutivo Federal, las aspirantes de origen oaxaque\u00f1o podr\u00e1n participar en la elecci\u00f3n del pr\u00f3ximo 1 de junio, para lo cual tendr\u00e1n que obtener votos de los estados donde la Sala Xalapa tiene injerencia: Oaxaca, Chiapas, Tabasco Yucat\u00e1n, Campeche, Quintana Roo y Veracruz.<\/p>\n\n\n\n<p>En 2024 en Oaxaca se integraron 86 expedientes por parte de mujeres que denunciaron violencia pol\u00edtica contra mujeres por razones de g\u00e9nero, tanto por el sistema de partidos pol\u00edticos como por sistemas normativos internos.<\/p>\n\n\n\n<p>Al respecto en su reciente quinto informe de labores la magistrada presidenta Elizabeth Bautista Velasco indic\u00f3 que Oaxaca es la entidad con el mayor n\u00famero de mujeres ocupando un cargo de elecci\u00f3n popular, con m\u00e1s de dos mil, de ah\u00ed que el n\u00famero de medios de impugnaci\u00f3n relacionados con Violencia Pol\u00edtica en Raz\u00f3n de G\u00e9nero es alto.<br>Si bien es alentador que en este proceso electoral los casos de violencia pol\u00edtica de g\u00e9nero hayan disminuido de 22 a 12 en comparaci\u00f3n con el proceso 2020-2021, sabemos que detr\u00e1s de cada cifra hay una historia, una mujer que ha tenido que enfrentar obst\u00e1culos para ejercer sus derechos, dijo Bautista Velasco.<\/p>\n\n\n\n<p>\u00bfQui\u00e9n es Camelia Gaspar Mart\u00ednez?<\/p>\n\n\n\n<p>Es abogada ind\u00edgena y hablante de la lengua zapoteca, originaria de Santo Tom\u00e1s Quier\u00ed, San Carlos Yautepec, Oaxaca. Es Licenciada en Derecho por la Universidad Aut\u00f3noma Benito Ju\u00e1rez de Oaxaca; Maestra en Derecho en la Universidad Nacional Aut\u00f3noma de M\u00e9xico; Maestra en Justicia Administrativa por el Instituto de Especializaci\u00f3n en Justicia Administrativa de la Ciudad de M\u00e9xico y; actualmente es maestrante en Derecho Electoral por la Escuela Judicial Electoral del Tribunal Electoral del Poder Judicial de la Federaci\u00f3n.<\/p>\n\n\n\n<p>Gaspar Mart\u00ednez quien es integrante de la Red de Abogadas Ind\u00edgenas, de la Asamblea de Mujeres Ind\u00edgenas de Oaxaca, Ixmucane A.C, y el Colectivo Huaxyacac, entre otras, se ha desempe\u00f1ado como secretaria t\u00e9cnica de la Comisi\u00f3n Permanente de Administraci\u00f3n y Procuraci\u00f3n de Justicia de la Sexag\u00e9sima Cuarta Legislatura del H. Congreso del Estado de Oaxaca; Asesora Jur\u00eddica en la Comisi\u00f3n Ejecutiva de Atenci\u00f3n a V\u00edctimas.<\/p>\n\n\n\n<p>Tiene experiencia como Consejera Electoral en el Distrito 12, del Instituto Estatal Electoral y de Participaci\u00f3n Ciudadana de Oaxaca en la proceso electoral del 2018; fue Jefa de Departamento de An\u00e1lisis Normativo para la Incorporaci\u00f3n de la Perspectiva de G\u00e9nero en el Instituto de la Mujer Oaxaque\u00f1a; as\u00ed como Jefa de departamento de \u201cDerechos de la Mujer Ind\u00edgena\u201d en la Secretar\u00eda de Asuntos Ind\u00edgenas, en el \u00e1mbito municipal fue asesora jur\u00eddica en el Centro de Atenci\u00f3n a V\u00edctimas de Violencia Intrafamiliar.<\/p>\n\n\n\n<p>La ex becaria del Fondo Semillas ha realizado un Estudio Nacional de Violencia de G\u00e9nero en Regiones Ind\u00edgenas para GIMTRAP y CIESAS. Es autora de \u201cMujeres Ind\u00edgenas. El camino andado por sus derechos pol\u00edtico-electorales en Oaxaca\u201d publicado por la CNDH en 2019; ha participado como coautora en: \u201cDemocracia pendiente. Una mirada propia a la participaci\u00f3n y la violencia pol\u00edtica contra mujeres ind\u00edgenas\u201d 2019 y en \u201cDerecho procesal administrativo mexicano\u201d en 2023.<\/p>\n\n\n\n<p>\u00bfQui\u00e9n es Roselia Bustillos Mar\u00edn?<\/p>\n\n\n\n<p>Nacida en la regi\u00f3n del Istmo de Tehuantepec, es doctorante en Antropolog\u00eda pol\u00edtica y jur\u00eddica, por la Universidad Aut\u00f3noma de M\u00e9xico. Maestra en Derechos Humanos por la Universidad Iberoamericana, Ciudad de M\u00e9xico. Especialista en Derechos Humanos en el Instituto de Derechos Humanos de la Facultad de Derecho de la Universidad Complutense de Madrid, Espa\u00f1a. 2002.<\/p>\n\n\n\n<p>Especialidad en Derecho Constitucional y Ciencia Pol\u00edtica en el Centro de Estudios Pol\u00edticos y Constitucionales de Madrid, Espa\u00f1a. Diplomado en An\u00e1lisis Pol\u00edtico Estrat\u00e9gico en la Universidad Iberoamericana. Licenciada en Derecho en la Universidad de las Am\u00e9ricas-Puebla, M\u00e9xico. 2000.<\/p>\n\n\n\n<p>Ha sido catedr\u00e1tica de la Universidad Iberoamericana, Ciudad de M\u00e9xico, en diversas materias. Colaboradora en el an\u00e1lisis e investigaci\u00f3n de la pol\u00edtica econ\u00f3mica, educativa y cultural de M\u00e9xico en la Rep\u00fablica de Corea.<\/p>\n\n\n\n<p>Revisora y coautora del Digesto de Recomendaciones emitidas por los organismos de protecci\u00f3n de derechos humanos en M\u00e9xico. Comisi\u00f3n Nacional de los Derechos Humanos, Comisi\u00f3n de Derechos Humanos del Distrito Federal y Comisi\u00f3n de Derechos Humanos del Estado de Puebla, en el cual realiz\u00f3 el estudio de la argumentaci\u00f3n jur\u00eddica de 2800 recomendaciones, con el fin de conocer su evoluci\u00f3n desde sus inicios hasta el a\u00f1o 2006.<\/p>\n\n\n\n<p>Investigadora encargada para la elaboraci\u00f3n del Manual de Derechos Humanos para las dos visitadurlas de la Comisi\u00f3n de Derechos Humanos del Distrito Federal directora Jur\u00eddica del Sistema para el Desarrollo Integral de la Familia del Estado de Oaxaca. Investigadora del Instituto de Investigaciones Legislativas del Congreso del Estado de Oaxaca.<\/p>\n\n\n\n<p>(Informaci\u00f3n de Soledad Jarqu\u00edn)<\/p>\n","protected":false},"excerpt":{"rendered":"<p>Redacci\u00f3n\/SemM\u00e9xico Oaxaca de Ju\u00e1rez, Oax., a 6 de febrero de 2026.- Las abogadas Camelia Gaspar&hellip;<\/p>\n","protected":false},"author":2,"featured_media":77263,"comment_status":"closed","ping_status":"open","sticky":false,"template":"","format":"standard","meta":{"_lmt_disableupdate":"","_lmt_disable":"","_jetpack_memberships_contains_paid_content":false,"footnotes":""},"categories":[109,46],"tags":[],"class_list":["post-77262","post","type-post","status-publish","format-standard","has-post-thumbnail","hentry","category-minuto-a-minuto","category-zona-blanca"],"jetpack_featured_media_url":"https:\/\/zonaroja.com.mx\/wp-content\/uploads\/2025\/02\/Oaxaquenas-aspirantes-TEPJF.jpg","jetpack_sharing_enabled":true,"_links":{"self":[{"href":"https:\/\/zonaroja.com.mx\/index.php?rest_route=\/wp\/v2\/posts\/77262","targetHints":{"allow":["GET"]}}],"collection":[{"href":"https:\/\/zonaroja.com.mx\/index.php?rest_route=\/wp\/v2\/posts"}],"about":[{"href":"https:\/\/zonaroja.com.mx\/index.php?rest_route=\/wp\/v2\/types\/post"}],"author":[{"embeddable":true,"href":"https:\/\/zonaroja.com.mx\/index.php?rest_route=\/wp\/v2\/users\/2"}],"replies":[{"embeddable":true,"href":"https:\/\/zonaroja.com.mx\/index.php?rest_route=%2Fwp%2Fv2%2Fcomments&post=77262"}],"version-history":[{"count":1,"href":"https:\/\/zonaroja.com.mx\/index.php?rest_route=\/wp\/v2\/posts\/77262\/revisions"}],"predecessor-version":[{"id":77264,"href":"https:\/\/zonaroja.com.mx\/index.php?rest_route=\/wp\/v2\/posts\/77262\/revisions\/77264"}],"wp:featuredmedia":[{"embeddable":true,"href":"https:\/\/zonaroja.com.mx\/index.php?rest_route=\/wp\/v2\/media\/77263"}],"wp:attachment":[{"href":"https:\/\/zonaroja.com.mx\/index.php?rest_route=%2Fwp%2Fv2%2Fmedia&parent=77262"}],"wp:term":[{"taxonomy":"category","embeddable":true,"href":"https:\/\/zonaroja.com.mx\/index.php?rest_route=%2Fwp%2Fv2%2Fcategories&post=77262"},{"taxonomy":"post_tag","embeddable":true,"href":"https:\/\/zonaroja.com.mx\/index.php?rest_route=%2Fwp%2Fv2%2Ftags&post=77262"}],"curies":[{"name":"wp","href":"https:\/\/api.w.org\/{rel}","templated":true}]}}