{"id":77268,"date":"2025-02-06T16:40:45","date_gmt":"2025-02-06T22:40:45","guid":{"rendered":"https:\/\/zonaroja.com.mx\/?p=77268"},"modified":"2025-02-06T16:40:47","modified_gmt":"2025-02-06T22:40:47","slug":"istmo-violento-un-ejecutado-y-asalto-a-cuentahabiente-hoy","status":"publish","type":"post","link":"https:\/\/zonaroja.com.mx\/?p=77268","title":{"rendered":"Istmo violento: un ejecutado y asalto a cuentahabiente, hoy"},"content":{"rendered":"\n<p>Raymundo Morales\/Zona Roja. Foto: ADN Sureste.<\/p>\n\n\n\n<p>Oaxaca de Ju\u00e1rez, Oax., a 6 de febrero de 2025.- La violencia no tiene freno en la regi\u00f3n del Istmo de Tehuantepec.<\/p>\n\n\n\n<p>El saldo preliminar de este jueves es de una persona ejecutada a balazos y un cuentahabiente asaltado, al que le robaron 200 mil pesos.<\/p>\n\n\n\n<p>Fue la ma\u00f1ana de hoy en la colonia Barrio Nuevo del municipio de Mat\u00edas Romero Avenda\u00f1o, en que ultimaron a balazos a un joven motociclista, a\u00fan no identificado.<\/p>\n\n\n\n<p>Adem\u00e1s, le dejaron una cartulina con un supuesto mensaje del crimen organizado. El cuerpo se localiz\u00f3 a un costado de la carretera Trans\u00edstmica, a la altura del kil\u00f3metro 185.<\/p>\n\n\n\n<p>Como suele suceder, los polic\u00edas municipales arribaron al lugar \u00fanicamente para acordonar la escena del crimen. Personal de la Vicefiscal\u00eda Regional del Istmo abri\u00f3 la carpeta de investigaci\u00f3n correspondiente.<\/p>\n\n\n\n<p>Por otra parte, en Santo Domingo Tehuantepec ocurri\u00f3 un en\u00e9simo asalto bancario, ahora con un bot\u00edn aproximado a los 200 mil pesos.<\/p>\n\n\n\n<p>Una persona del sexo masculino sal\u00eda de la sucursal ubicada en el barrio San Sebasti\u00e1n y se dispon\u00eda a abordar su unidad de motor, cuando fue interceptado por dos motociclistas.<\/p>\n\n\n\n<p>Los sujetos armados lo amagaron y lo despojaron del dinero, tras lo cual se dieron a la fuga; supuestamente hubo operativos de b\u00fasqueda de los maleantes, pero sin resultados positivos.<\/p>\n","protected":false},"excerpt":{"rendered":"<p>Raymundo Morales\/Zona Roja. Foto: ADN Sureste. Oaxaca de Ju\u00e1rez, Oax., a 6 de febrero de&hellip;<\/p>\n","protected":false},"author":2,"featured_media":77269,"comment_status":"closed","ping_status":"open","sticky":false,"template":"","format":"standard","meta":{"_lmt_disableupdate":"","_lmt_disable":"","_jetpack_memberships_contains_paid_content":false,"footnotes":""},"categories":[109,51],"tags":[4054],"class_list":["post-77268","post","type-post","status-publish","format-standard","has-post-thumbnail","hentry","category-minuto-a-minuto","category-zona-roja","tag-asesinato-matias-romero"],"jetpack_featured_media_url":"https:\/\/zonaroja.com.mx\/wp-content\/uploads\/2025\/02\/Ejecutado-Matias-Romero-Oaxaca.jpg","jetpack_sharing_enabled":true,"_links":{"self":[{"href":"https:\/\/zonaroja.com.mx\/index.php?rest_route=\/wp\/v2\/posts\/77268","targetHints":{"allow":["GET"]}}],"collection":[{"href":"https:\/\/zonaroja.com.mx\/index.php?rest_route=\/wp\/v2\/posts"}],"about":[{"href":"https:\/\/zonaroja.com.mx\/index.php?rest_route=\/wp\/v2\/types\/post"}],"author":[{"embeddable":true,"href":"https:\/\/zonaroja.com.mx\/index.php?rest_route=\/wp\/v2\/users\/2"}],"replies":[{"embeddable":true,"href":"https:\/\/zonaroja.com.mx\/index.php?rest_route=%2Fwp%2Fv2%2Fcomments&post=77268"}],"version-history":[{"count":1,"href":"https:\/\/zonaroja.com.mx\/index.php?rest_route=\/wp\/v2\/posts\/77268\/revisions"}],"predecessor-version":[{"id":77270,"href":"https:\/\/zonaroja.com.mx\/index.php?rest_route=\/wp\/v2\/posts\/77268\/revisions\/77270"}],"wp:featuredmedia":[{"embeddable":true,"href":"https:\/\/zonaroja.com.mx\/index.php?rest_route=\/wp\/v2\/media\/77269"}],"wp:attachment":[{"href":"https:\/\/zonaroja.com.mx\/index.php?rest_route=%2Fwp%2Fv2%2Fmedia&parent=77268"}],"wp:term":[{"taxonomy":"category","embeddable":true,"href":"https:\/\/zonaroja.com.mx\/index.php?rest_route=%2Fwp%2Fv2%2Fcategories&post=77268"},{"taxonomy":"post_tag","embeddable":true,"href":"https:\/\/zonaroja.com.mx\/index.php?rest_route=%2Fwp%2Fv2%2Ftags&post=77268"}],"curies":[{"name":"wp","href":"https:\/\/api.w.org\/{rel}","templated":true}]}}