{"id":77278,"date":"2025-02-07T07:02:03","date_gmt":"2025-02-07T13:02:03","guid":{"rendered":"https:\/\/zonaroja.com.mx\/?p=77278"},"modified":"2025-02-07T07:02:26","modified_gmt":"2025-02-07T13:02:26","slug":"escala-inseguridad-en-oaxaca-capital-asesinan-a-comerciante","status":"publish","type":"post","link":"https:\/\/zonaroja.com.mx\/?p=77278","title":{"rendered":"Escala inseguridad en Oaxaca capital; asesinan a comerciante"},"content":{"rendered":"\n<p>Ismael Garc\u00eda M.\/Zona Roja.<\/p>\n\n\n\n<p>Oaxaca de Ju\u00e1rez, Oax., a 7 de febrero de 2025.- A la ola de asaltos y cristalizaos de veh\u00edculos en la ciudad de Oaxaca se sum\u00f3 ayer el asesinato de un comerciante.<\/p>\n\n\n\n<p>Ocurri\u00f3 anoche en un local ubicado en la calle 3 de Mayo de la colonia Itandehui, en la agencia de San Mart\u00edn Mexic\u00e1pam en que ultimaron al se\u00f1or Alejo P. J., de 56 a\u00f1os de edad, presuntamente al oponerse a un asalto.<\/p>\n\n\n\n<p>Tras los disparos de arma de fuego, al sitio arribaron personal de auxilio m\u00e9dico y polic\u00edas, pero corroboraron que la persona ya no contaba con signos vitales debido a los m\u00faltiples impactos de arma de fuego.<\/p>\n\n\n\n<p>Corporaciones de los tres niveles de gobierno efectuaron operativos de b\u00fasqueda pero sin resultados efectivos.<\/p>\n\n\n\n<p>ATENTADO A FUNCIONARIOS<\/p>\n\n\n\n<p>Por otra parte, ayer por la tarde, minutos despu\u00e9s de las 18:00 horas, en la regi\u00f3n Cuenca del Papaloapan se registr\u00f3 un atentado en contra de funcionarios del gobierno de Oaxaca, avanzada de la gira del gobernador Salom\u00f3n Jara Cruz.<\/p>\n\n\n\n<p>Ocurri\u00f3 en jurisdicci\u00f3n del municipio de Ayotzintepec, donde sujetos armados balearon la camioneta marca Nissan, tipo Frontier, color blanca con placas RV-0075A del estado de Oaxaca.<\/p>\n\n\n\n<figure class=\"wp-block-image size-full\"><img decoding=\"async\" width=\"800\" height=\"452\" src=\"https:\/\/zonaroja.com.mx\/wp-content\/uploads\/2025\/02\/Atentado-funcionarios-de-gobierno-Ayotzintepec.jpg\" alt=\"\" class=\"wp-image-77279\" srcset=\"https:\/\/zonaroja.com.mx\/wp-content\/uploads\/2025\/02\/Atentado-funcionarios-de-gobierno-Ayotzintepec.jpg 800w, https:\/\/zonaroja.com.mx\/wp-content\/uploads\/2025\/02\/Atentado-funcionarios-de-gobierno-Ayotzintepec-300x170.jpg 300w, https:\/\/zonaroja.com.mx\/wp-content\/uploads\/2025\/02\/Atentado-funcionarios-de-gobierno-Ayotzintepec-768x434.jpg 768w, https:\/\/zonaroja.com.mx\/wp-content\/uploads\/2025\/02\/Atentado-funcionarios-de-gobierno-Ayotzintepec-585x331.jpg 585w\" sizes=\"(max-width: 800px) 100vw, 800px\" \/><\/figure>\n\n\n\n<p>La unidad presenta al menos cuatro impactos de bala de grueso calibre del lado del chofer y dos en el toldo, sin que nadie resultara lesionado tras la agresi\u00f3n.<\/p>\n\n\n\n<p>Seg\u00fan la versi\u00f3n oficial, se trat\u00f3 de un intento de asalto, aunque de acuerdo con los funcionarios, se trat\u00f3 de una agresi\u00f3n directa al convoy gubernamental.<\/p>\n\n\n\n<p>En la camioneta viajaba la avanzada de la gira del gobernador por la Cuenca, Oscar Victoria Huerta, Fernando Cruz Enr\u00edquez y Jos\u00e9 M\u00e9ndez L\u00f3pez delegado Regional de Paz de Tuxtepec.<\/p>\n\n\n\n<p>EN EL ISTMO<\/p>\n\n\n\n<p>Por otra parte, la ma\u00f1ana de ayer se registr\u00f3 el asesinato de una persona en el municipio de Mat\u00edas Romero Avenda\u00f1o, a cuya v\u00edctima por disparos de arma de fuego le dejaron tambi\u00e9n una cartulina con un mensaje supuestamente del crimen organizado.<\/p>\n\n\n\n<p>Tambi\u00e9n por la ma\u00f1ana pero en el municipio de Santo Domingo Tehuantepec, un cuentahabiente fue despojado de aproximadamente 200 mil pesos que reci\u00e9n hab\u00eda retirado de la sucursal bancaria Santander.<\/p>\n\n\n\n<p>Mientras que por la noche se registr\u00f3 un asalto a una sucursal del banco Inbursa, ubicado en el interior de la tienda Walmart, del municipio de Salina Cruz, por parte de dos sujetos armados; no hubo personas detenidas.<\/p>\n","protected":false},"excerpt":{"rendered":"<p>Ismael Garc\u00eda M.\/Zona Roja. Oaxaca de Ju\u00e1rez, Oax., a 7 de febrero de 2025.- A&hellip;<\/p>\n","protected":false},"author":2,"featured_media":77280,"comment_status":"closed","ping_status":"open","sticky":false,"template":"","format":"standard","meta":{"_lmt_disableupdate":"","_lmt_disable":"","_jetpack_memberships_contains_paid_content":false,"footnotes":""},"categories":[109,51],"tags":[148],"class_list":["post-77278","post","type-post","status-publish","format-standard","has-post-thumbnail","hentry","category-minuto-a-minuto","category-zona-roja","tag-oaxaca-de-juarez"],"jetpack_featured_media_url":"https:\/\/zonaroja.com.mx\/wp-content\/uploads\/2025\/02\/Asesinado-ciudad-de-Oaxaca.jpg","jetpack_sharing_enabled":true,"_links":{"self":[{"href":"https:\/\/zonaroja.com.mx\/index.php?rest_route=\/wp\/v2\/posts\/77278","targetHints":{"allow":["GET"]}}],"collection":[{"href":"https:\/\/zonaroja.com.mx\/index.php?rest_route=\/wp\/v2\/posts"}],"about":[{"href":"https:\/\/zonaroja.com.mx\/index.php?rest_route=\/wp\/v2\/types\/post"}],"author":[{"embeddable":true,"href":"https:\/\/zonaroja.com.mx\/index.php?rest_route=\/wp\/v2\/users\/2"}],"replies":[{"embeddable":true,"href":"https:\/\/zonaroja.com.mx\/index.php?rest_route=%2Fwp%2Fv2%2Fcomments&post=77278"}],"version-history":[{"count":2,"href":"https:\/\/zonaroja.com.mx\/index.php?rest_route=\/wp\/v2\/posts\/77278\/revisions"}],"predecessor-version":[{"id":77283,"href":"https:\/\/zonaroja.com.mx\/index.php?rest_route=\/wp\/v2\/posts\/77278\/revisions\/77283"}],"wp:featuredmedia":[{"embeddable":true,"href":"https:\/\/zonaroja.com.mx\/index.php?rest_route=\/wp\/v2\/media\/77280"}],"wp:attachment":[{"href":"https:\/\/zonaroja.com.mx\/index.php?rest_route=%2Fwp%2Fv2%2Fmedia&parent=77278"}],"wp:term":[{"taxonomy":"category","embeddable":true,"href":"https:\/\/zonaroja.com.mx\/index.php?rest_route=%2Fwp%2Fv2%2Fcategories&post=77278"},{"taxonomy":"post_tag","embeddable":true,"href":"https:\/\/zonaroja.com.mx\/index.php?rest_route=%2Fwp%2Fv2%2Ftags&post=77278"}],"curies":[{"name":"wp","href":"https:\/\/api.w.org\/{rel}","templated":true}]}}