{"id":77284,"date":"2025-02-07T07:08:31","date_gmt":"2025-02-07T13:08:31","guid":{"rendered":"https:\/\/zonaroja.com.mx\/?p=77284"},"modified":"2025-02-07T07:08:34","modified_gmt":"2025-02-07T13:08:34","slug":"detienen-a-cuatro-presuntos-homicidas-de-un-taxista-en-el-istmo","status":"publish","type":"post","link":"https:\/\/zonaroja.com.mx\/?p=77284","title":{"rendered":"Detienen a cuatro presuntos homicidas de un taxista en el Istmo"},"content":{"rendered":"\n<p>Redacci\u00f3n\/Zona Roja.&nbsp;<\/p>\n\n\n\n<p>Oaxaca de Ju\u00e1rez, Oax., a 7de febrero de 2025.- La Fiscal\u00eda General del Estado de Oaxaca (FGEO) dio cumplimiento a las \u00f3rdenes de aprehensi\u00f3n que permitieron la detenci\u00f3n de cuatro personas del sexo masculino identificadas como E.D.O.L., J.J.B.V., M.A.M.C. y L.D.M.Q., por el delito de homicidio calificado con ventaja, ocurrido en regi\u00f3n del Istmo de Tehuantepec.<\/p>\n\n\n\n<p>De acuerdo con lo asentado en el expediente penal, los hechos ocurrieron el 27 de octubre de 2024, cuando la v\u00edctima identificada con iniciales A.V.S circulaban a bordo de su veh\u00edculo de motor habilitado como taxi sobre la carretera Trans\u00edstmica e inmediaciones de la Cuarta Secci\u00f3n de Juchit\u00e1n de Zaragoza, sitio donde fue interceptado por un grupo de personas y atacado con disparos de armas de fuego, sufriendo lesiones que les ocasionaron la muerte.<\/p>\n\n\n\n<p>Derivado de los hechos, la Fiscal\u00eda de Oaxaca, a trav\u00e9s de la Vicefiscal\u00eda Regional del Istmo, inici\u00f3 los trabajos de investigaci\u00f3n e inteligencia criminal, que permitieron obtener las \u00f3rdenes de aprehensi\u00f3n correspondientes y posteriormente llevar a cabo la detenci\u00f3n de E.D.O.L., J.J.B.V., M.A.M.C. y L.D.M.Q., por el delito de homicidio calificado con ventaja.<\/p>\n\n\n\n<p>Una vez detenidos como resultado de un operativo estrat\u00e9gico implementado por Agentes Estatales de Investigaci\u00f3n (AEI), los cuatro detenidos fueron puestos a disposici\u00f3n de la autoridad que los requiri\u00f3 para su debido proceso legal.<\/p>\n\n\n\n<p>La Fiscal\u00eda de Oaxaca garantiza investigaciones exhaustivas para esclarecer delitos, aplicando las herramientas legales para castigar a quien o quienes resulten responsables.<\/p>\n","protected":false},"excerpt":{"rendered":"<p>Redacci\u00f3n\/Zona Roja.&nbsp; Oaxaca de Ju\u00e1rez, Oax., a 7de febrero de 2025.- La Fiscal\u00eda General del&hellip;<\/p>\n","protected":false},"author":2,"featured_media":77285,"comment_status":"closed","ping_status":"open","sticky":false,"template":"","format":"standard","meta":{"_lmt_disableupdate":"","_lmt_disable":"","_jetpack_memberships_contains_paid_content":false,"footnotes":""},"categories":[109,46],"tags":[494],"class_list":["post-77284","post","type-post","status-publish","format-standard","has-post-thumbnail","hentry","category-minuto-a-minuto","category-zona-blanca","tag-fiscalia-general-del-estado-de-oaxaca"],"jetpack_featured_media_url":"https:\/\/zonaroja.com.mx\/wp-content\/uploads\/2025\/02\/Detenidos-por-homicidio-taxista-Juchitan.jpeg","jetpack_sharing_enabled":true,"_links":{"self":[{"href":"https:\/\/zonaroja.com.mx\/index.php?rest_route=\/wp\/v2\/posts\/77284","targetHints":{"allow":["GET"]}}],"collection":[{"href":"https:\/\/zonaroja.com.mx\/index.php?rest_route=\/wp\/v2\/posts"}],"about":[{"href":"https:\/\/zonaroja.com.mx\/index.php?rest_route=\/wp\/v2\/types\/post"}],"author":[{"embeddable":true,"href":"https:\/\/zonaroja.com.mx\/index.php?rest_route=\/wp\/v2\/users\/2"}],"replies":[{"embeddable":true,"href":"https:\/\/zonaroja.com.mx\/index.php?rest_route=%2Fwp%2Fv2%2Fcomments&post=77284"}],"version-history":[{"count":1,"href":"https:\/\/zonaroja.com.mx\/index.php?rest_route=\/wp\/v2\/posts\/77284\/revisions"}],"predecessor-version":[{"id":77286,"href":"https:\/\/zonaroja.com.mx\/index.php?rest_route=\/wp\/v2\/posts\/77284\/revisions\/77286"}],"wp:featuredmedia":[{"embeddable":true,"href":"https:\/\/zonaroja.com.mx\/index.php?rest_route=\/wp\/v2\/media\/77285"}],"wp:attachment":[{"href":"https:\/\/zonaroja.com.mx\/index.php?rest_route=%2Fwp%2Fv2%2Fmedia&parent=77284"}],"wp:term":[{"taxonomy":"category","embeddable":true,"href":"https:\/\/zonaroja.com.mx\/index.php?rest_route=%2Fwp%2Fv2%2Fcategories&post=77284"},{"taxonomy":"post_tag","embeddable":true,"href":"https:\/\/zonaroja.com.mx\/index.php?rest_route=%2Fwp%2Fv2%2Ftags&post=77284"}],"curies":[{"name":"wp","href":"https:\/\/api.w.org\/{rel}","templated":true}]}}