{"id":77287,"date":"2025-02-07T09:15:00","date_gmt":"2025-02-07T15:15:00","guid":{"rendered":"https:\/\/zonaroja.com.mx\/?p=77287"},"modified":"2025-02-07T07:56:10","modified_gmt":"2025-02-07T13:56:10","slug":"en-15-dias-deportan-de-estados-unidos-a-561-oaxaquenos","status":"publish","type":"post","link":"https:\/\/zonaroja.com.mx\/?p=77287","title":{"rendered":"En 15 d\u00edas, deportan de Estados Unidos a 561 oaxaque\u00f1os"},"content":{"rendered":"\n<p>Raymundo Morales\/Zona Roja.<\/p>\n\n\n\n<p>Oaxaca de Ju\u00e1rez, Oax., a 7 de febrero de 2025.- Tras las dr\u00e1sticas medidas en contra de los migrantes dictadas por el presidente Donald Trump, al menos 561 oaxaque\u00f1os han sido deportados de Estados Unidos, del 20 de enero al 5 de febrero.<\/p>\n\n\n\n<p>Los retornos forzados se han dado en los 11 puntos fronterizos y corresponden a connacionales de 31 municipios del estado, inform\u00f3 la Secretar\u00eda de Gobierno.<\/p>\n\n\n\n<p>Ayer se dio cuenta de un oaxaque\u00f1o originario de Santiago Suchilquitongo, de 18 a\u00f1os de edad, en el albergue \u201cJes\u00fas la Vi\u00f1a de Tijuana\u201d, Baja California.<\/p>\n\n\n\n<p>En tanto que en total 52 originarios de Oaxaca han sido atendidos en el albergue \u201cFlamingos\u201d, tambi\u00e9n de Tijuana.<\/p>\n\n\n\n<p>Jes\u00fas Romero L\u00f3pez, titular de la Sego, informo que se han brindado todos los apoyos para que los albergados puedan regresar a su lugar de origen, e incluso buscarles opciones de empleo.<\/p>\n\n\n\n<p>La mayor\u00eda de los deportados son originarios de San Pedro M\u00e1rtir, Magdalena Ocotl\u00e1n, Villa Sola de Vega, San Dionisio Ocotepec, entre otros; el rango de edad de ellos es de 18 a 29 a\u00f1os y de 29 a 40 a\u00f1os.<\/p>\n\n\n\n<p>Desde su toma de posesi\u00f3n, el 20 de enero, el presidente norteamericano Donald Trump ha dictado una serie de medidas en contra de los migrantes y otros sectores que considera \u201cpeligrosos\u201d para la estabilidad de su pa\u00eds.<\/p>\n\n\n\n<p>En ese lapso se han revelado diversos actos violatorios de los derechos humanos en contra de los deportados, como el tenerlos esposados y considerarlos criminales.<\/p>\n","protected":false},"excerpt":{"rendered":"<p>Raymundo Morales\/Zona Roja. Oaxaca de Ju\u00e1rez, Oax., a 7 de febrero de 2025.- Tras las&hellip;<\/p>\n","protected":false},"author":2,"featured_media":76747,"comment_status":"closed","ping_status":"open","sticky":false,"template":"","format":"standard","meta":{"_lmt_disableupdate":"","_lmt_disable":"","_jetpack_memberships_contains_paid_content":false,"footnotes":""},"categories":[109,47],"tags":[3703],"class_list":["post-77287","post","type-post","status-publish","format-standard","has-post-thumbnail","hentry","category-minuto-a-minuto","category-zona-gris","tag-migrantes-oaxaca"],"jetpack_featured_media_url":"https:\/\/zonaroja.com.mx\/wp-content\/uploads\/2025\/01\/Redadas-migrantes-estados-unidos.jpg","jetpack_sharing_enabled":true,"_links":{"self":[{"href":"https:\/\/zonaroja.com.mx\/index.php?rest_route=\/wp\/v2\/posts\/77287","targetHints":{"allow":["GET"]}}],"collection":[{"href":"https:\/\/zonaroja.com.mx\/index.php?rest_route=\/wp\/v2\/posts"}],"about":[{"href":"https:\/\/zonaroja.com.mx\/index.php?rest_route=\/wp\/v2\/types\/post"}],"author":[{"embeddable":true,"href":"https:\/\/zonaroja.com.mx\/index.php?rest_route=\/wp\/v2\/users\/2"}],"replies":[{"embeddable":true,"href":"https:\/\/zonaroja.com.mx\/index.php?rest_route=%2Fwp%2Fv2%2Fcomments&post=77287"}],"version-history":[{"count":1,"href":"https:\/\/zonaroja.com.mx\/index.php?rest_route=\/wp\/v2\/posts\/77287\/revisions"}],"predecessor-version":[{"id":77288,"href":"https:\/\/zonaroja.com.mx\/index.php?rest_route=\/wp\/v2\/posts\/77287\/revisions\/77288"}],"wp:featuredmedia":[{"embeddable":true,"href":"https:\/\/zonaroja.com.mx\/index.php?rest_route=\/wp\/v2\/media\/76747"}],"wp:attachment":[{"href":"https:\/\/zonaroja.com.mx\/index.php?rest_route=%2Fwp%2Fv2%2Fmedia&parent=77287"}],"wp:term":[{"taxonomy":"category","embeddable":true,"href":"https:\/\/zonaroja.com.mx\/index.php?rest_route=%2Fwp%2Fv2%2Fcategories&post=77287"},{"taxonomy":"post_tag","embeddable":true,"href":"https:\/\/zonaroja.com.mx\/index.php?rest_route=%2Fwp%2Fv2%2Ftags&post=77287"}],"curies":[{"name":"wp","href":"https:\/\/api.w.org\/{rel}","templated":true}]}}