{"id":77295,"date":"2025-02-07T12:19:00","date_gmt":"2025-02-07T18:19:00","guid":{"rendered":"https:\/\/zonaroja.com.mx\/?p=77295"},"modified":"2025-02-07T08:20:22","modified_gmt":"2025-02-07T14:20:22","slug":"opinion-oaxaca-los-municipios-en-sus-contradicciones","status":"publish","type":"post","link":"https:\/\/zonaroja.com.mx\/?p=77295","title":{"rendered":"Opini\u00f3n. Oaxaca: los municipios en sus contradicciones"},"content":{"rendered":"\n<p>Adri\u00e1n Ortiz Romero Cuevas&nbsp;<\/p>\n\n\n\n<p>Oaxaca, en su acostumbrada y cr\u00f3nica complejidad, presenta diversos retos en cuanto a la situaci\u00f3n de sus municipios frente a lo local, lo nacional y lo internacional. Nuestra entidad es lo mismo un territorio de paso para la transmigraci\u00f3n y el tr\u00e1nsito de mercanc\u00edas \u2014y lo ser\u00e1 mucho m\u00e1s en el transcurso de los pr\u00f3ximos a\u00f1os\u2014, que un potencial polo de desarrollo econ\u00f3mico que, sin embargo, se topa con las circunstancias adversas que son concomitantes a pr\u00e1cticamente todas las regiones del pa\u00eds.&nbsp;<\/p>\n\n\n\n<p>En efecto, hoy queda claro que ni Oaxaca ni el pa\u00eds tiene claridad sobre qu\u00e9 hacer con la inseguridad; la migraci\u00f3n y la transmigraci\u00f3n son tambi\u00e9n interrogantes que hasta el d\u00eda de hoy no tienen respuesta; la inauguraci\u00f3n de dos autopistas que corren sobre el interior del estado son vistas lo mismo como una oportunidad que como una contradicci\u00f3n entre desarrollo y aislamiento; y pareciera que, en medio de todo eso, se intentan algunos esfuerzos por la llamada \u201creparaci\u00f3n hist\u00f3rica\u201d que no parecen ser parte de una pol\u00edtica nacional \u2014porque no existe\u2014 de atenci\u00f3n real a las comunidades y pueblos ind\u00edgenas. Veamos.&nbsp;<\/p>\n\n\n\n<p>EL PROYECTO INTEROCE\u00c1NICO&nbsp;<\/p>\n\n\n\n<p>El presidente Donald Trump tiene los ojos puestos sobre el canal de Panam\u00e1. Es as\u00ed por la importancia estrat\u00e9gica \u2014comercial, militar, geopol\u00edtica\u2014 que significa la interconexi\u00f3n entre los oc\u00e9anos Pac\u00edfico y Atl\u00e1ntico. Reclamar su control, no es un capricho. En esa l\u00f3gica se puede comenzar a apreciar la importancia del Corredor Interoce\u00e1nico del Istmo de Tehuantepec, que si bien no significa un cruce directo entre el Golfo de M\u00e9xico y el Pac\u00edfico por v\u00eda mar\u00edtima, s\u00ed representa una v\u00eda m\u00e1s de comunicaci\u00f3n entre esos dos puntos, en el que no s\u00f3lo habr\u00eda traslado de mercanc\u00edas sino la transformaci\u00f3n de materias primas en productos terminados.&nbsp;<\/p>\n\n\n\n<p>En este sentido, cabe la pregunta: \u00bfTienen claro el gobierno estatal, y el federal, que esto implica diversos retos para la estabilidad y el desarrollo de la regi\u00f3n que conecta al pac\u00edfico con el estado de Veracruz? El Istmo de Tehuantepec ser\u00e1 el mayor polo de desarrollo que, sin embargo, sigue sometido a las presiones no s\u00f3lo de quienes quieren que el proyecto se consolide pronto para asentar inversiones, sino tambi\u00e9n por comunidades ind\u00edgenas que se resisten a integrarse a esos proyectos de desarrollo porque no coinciden con sus formas de concebir su realidad; e incluso por el incremento de las presiones por la presencia del crimen organizado en diversos puntos de la interconexi\u00f3n entre los puertos de Salina Cruz y Coatzacoalcos. Hasta ahora, esas y otras cuestiones parecen ser interrogantes pospuestas de atenci\u00f3n para el mediano y largo plazo.&nbsp;<\/p>\n\n\n\n<p>LA POL\u00cdTICA MIGRATORIA<\/p>\n\n\n\n<p>Oaxaca es una entidad migrante. Cientos de miles de paisanos viven en diversas regiones de los Estados Unidos que est\u00e1n en la mira de la nueva pol\u00edtica migratoria del presidente Trump. \u00bfOaxaca est\u00e1 preparado realmente para recibir a centenares o miles de oaxaque\u00f1os deportados desde la Uni\u00f3n Americana? M\u00e1s all\u00e1 de brindarles una ayuda econ\u00f3mica para su traslado, \u00bfrealmente se ha considerado el establecimiento de ciertas bases para que sepan qu\u00e9 har\u00e1n cuando retornen a M\u00e9xico? \u00bfQu\u00e9 m\u00e1s est\u00e1 planteado, en t\u00e9rminos de desarrollo, para esa posible llegada masiva de personas? \u00bfExiste tambi\u00e9n una visi\u00f3n \u2014aunque sea somera\u2014 de qu\u00e9 deber\u00e1 hacer el Estado mexicano para gestionar la estad\u00eda de transmigrantes \u2014de todo el mundo\u2014 que ya no podr\u00e1n ingresar a los Estados Unidos y que se quedar\u00e1n en M\u00e9xico bajo la figura \u2014jur\u00eddica o f\u00e1ctica\u2014 del \u201ctercer pa\u00eds seguro\u201d? Existe muy poca claridad al respecto, para un territorio pluricultural \u2014y eternamente pluriproblem\u00e1tico\u2014 como el nuestro.&nbsp;<\/p>\n\n\n\n<p>INSEGURIDAD&nbsp;<\/p>\n\n\n\n<p>A reserva de los an\u00e1lisis m\u00e1s espec\u00edficos sobre causas y efectos, \u00bfse seguir\u00e1 negando el evidente estado de inseguridad que priva en amplias regiones de la Sierra Sur, del Istmo de Tehuantepec y de la Cuenca del Papaloapan, principalmente? \u00bfSe seguir\u00e1 sosteniendo la media verdad de que todos los fen\u00f3menos de inseguridad que ah\u00ed ocurren \u2014y que nada tienen que ver con la llamada \u201cviolencia social\u201d que siempre ha existido en Oaxaca por la dif\u00edcil convivencia entre comunidades\u2014 son \u201chechos aislados\u201d? cada vez es m\u00e1s dif\u00edcil tapar el sol con un dedo.&nbsp;<\/p>\n\n\n\n<p>Hacen falta m\u00e1s elementos para el an\u00e1lisis. Seguiremos abundando al respecto.&nbsp;<\/p>\n\n\n\n<p>@ortizromeroc<\/p>\n\n\n\n<p>@columnaalmargen<\/p>\n\n\n\n<p>Nos leemos tambi\u00e9n en&nbsp;<a href=\"http:\/\/columnaalmargen.mx\">http:\/\/columnaalmargen.mx<\/a><\/p>\n","protected":false},"excerpt":{"rendered":"<p>Adri\u00e1n Ortiz Romero Cuevas&nbsp; Oaxaca, en su acostumbrada y cr\u00f3nica complejidad, presenta diversos retos en&hellip;<\/p>\n","protected":false},"author":2,"featured_media":67896,"comment_status":"closed","ping_status":"open","sticky":false,"template":"","format":"standard","meta":{"_lmt_disableupdate":"","_lmt_disable":"","_jetpack_memberships_contains_paid_content":false,"footnotes":""},"categories":[456,109],"tags":[2994],"class_list":["post-77295","post","type-post","status-publish","format-standard","has-post-thumbnail","hentry","category-columna","category-minuto-a-minuto","tag-adrian-ortiz-romero-cuevas"],"jetpack_featured_media_url":"https:\/\/zonaroja.com.mx\/wp-content\/uploads\/2024\/05\/Opinion-Adrian-Ortiz-Romero-Zona-Roja.jpeg","jetpack_sharing_enabled":true,"_links":{"self":[{"href":"https:\/\/zonaroja.com.mx\/index.php?rest_route=\/wp\/v2\/posts\/77295","targetHints":{"allow":["GET"]}}],"collection":[{"href":"https:\/\/zonaroja.com.mx\/index.php?rest_route=\/wp\/v2\/posts"}],"about":[{"href":"https:\/\/zonaroja.com.mx\/index.php?rest_route=\/wp\/v2\/types\/post"}],"author":[{"embeddable":true,"href":"https:\/\/zonaroja.com.mx\/index.php?rest_route=\/wp\/v2\/users\/2"}],"replies":[{"embeddable":true,"href":"https:\/\/zonaroja.com.mx\/index.php?rest_route=%2Fwp%2Fv2%2Fcomments&post=77295"}],"version-history":[{"count":1,"href":"https:\/\/zonaroja.com.mx\/index.php?rest_route=\/wp\/v2\/posts\/77295\/revisions"}],"predecessor-version":[{"id":77296,"href":"https:\/\/zonaroja.com.mx\/index.php?rest_route=\/wp\/v2\/posts\/77295\/revisions\/77296"}],"wp:featuredmedia":[{"embeddable":true,"href":"https:\/\/zonaroja.com.mx\/index.php?rest_route=\/wp\/v2\/media\/67896"}],"wp:attachment":[{"href":"https:\/\/zonaroja.com.mx\/index.php?rest_route=%2Fwp%2Fv2%2Fmedia&parent=77295"}],"wp:term":[{"taxonomy":"category","embeddable":true,"href":"https:\/\/zonaroja.com.mx\/index.php?rest_route=%2Fwp%2Fv2%2Fcategories&post=77295"},{"taxonomy":"post_tag","embeddable":true,"href":"https:\/\/zonaroja.com.mx\/index.php?rest_route=%2Fwp%2Fv2%2Ftags&post=77295"}],"curies":[{"name":"wp","href":"https:\/\/api.w.org\/{rel}","templated":true}]}}