{"id":77297,"date":"2025-02-07T08:23:15","date_gmt":"2025-02-07T14:23:15","guid":{"rendered":"https:\/\/zonaroja.com.mx\/?p=77297"},"modified":"2025-02-07T08:23:18","modified_gmt":"2025-02-07T14:23:18","slug":"omisiones-del-pasado-la-causa-de-la-crisis-de-salud-asegura-morena","status":"publish","type":"post","link":"https:\/\/zonaroja.com.mx\/?p=77297","title":{"rendered":"Omisiones del pasado, la causa de la crisis de salud, asegura Morena"},"content":{"rendered":"\n<p>Redacci\u00f3n\/Zona Roja.<\/p>\n\n\n\n<p>Oaxaca de Ju\u00e1rez, Oax., a 7 de febrero de 2025.- El Partido Morena en Oaxaca afirm\u00f3 que la desidia y omisiones de gobernantes pasados, a quienes nunca le interesaron la salud de las y los oaxaque\u00f1os, provocaron la crisis actual en este rubro.<\/p>\n\n\n\n<p>En conferencia de prensa el dirigente estatal del partido Emmanuel Navarro declar\u00f3 que \u201ca la derecha y a los neoliberales no les ha interesado la salud, y menos la salud de las y los oaxaque\u00f1os\u201d.&nbsp;<\/p>\n\n\n\n<p>Puso como ejemplo que, al gobernador anterior, Alejandro Murat, le ped\u00edan espacio para la construcci\u00f3n de los hospitales del IMSS y del ISSSTE, pero nunca atendi\u00f3 el llamado.<\/p>\n\n\n\n<p>\u201cTuvo que llegar la Primavera Oaxaque\u00f1a para poder donar las 22 hect\u00e1reas en donde se construir\u00e1 la Ciudad de la Salud, con 2 hospitales para atender a la ciudadan\u00eda, eso lo debemos reconocer\u201d, precis\u00f3.<\/p>\n\n\n\n<p>Emmanuel Navarro abund\u00f3 que, el gobierno actual ha buscado la forma de resarcir el rezago hist\u00f3rico en salud, con acciones como el programa Farmacias Bienestar que actualmente atiende a todas las regiones mediante 11 farmacias y diversos servicios gratuitos. Una pol\u00edtica p\u00fablica que ser\u00e1 replicada por la misma Presidenta Claudia Sheinbaum.<\/p>\n\n\n\n<p>Asimismo, reconoci\u00f3 el apoyo que el 86% de la ciudadan\u00eda as\u00ed como diversos sectores han mostrado a la mandataria federal, resultado de su postura firme y de defensa en el escenario ante el gobierno de Estados Unidos, de coordinaci\u00f3n, respeto; pero sin subordinaci\u00f3n.<\/p>\n\n\n\n<p>\u201cEl manejo de la situaci\u00f3n y el control que ha mostrado nuestra presidenta ante las acciones de Donald Trump, nos debe llenar de orgullo, el saber que estamos muy bien representados\u201d, asinti\u00f3 el dirigente del partido guinda.<\/p>\n\n\n\n<p>Por otro lado, el Secretario de Formaci\u00f3n y Capacitaci\u00f3n Pol\u00edtica del Comit\u00e9 Estatal, Alejandro Velasco Armas comparti\u00f3 los avances en el proceso electoral del Poder Judicial, cuyo inicio de campa\u00f1as ser\u00e1 el pr\u00f3ximo mes de marzo.<\/p>\n\n\n\n<p>Detall\u00f3 que se realiz\u00f3 la t\u00f3mbola para la designaci\u00f3n de los y las candidatas a ocupar los 879 cargos a ministros, magistrados y jueces.<\/p>\n\n\n\n<p>En este sentido y para poder participar en el hist\u00f3rico proceso, la ciudadan\u00eda fue convocada a tener listo su instrumento principal: la credencial de elector vigente. La Secretaria de Finanzas del Comit\u00e9 Estatal, Julia Gabriela P\u00e9rez invit\u00f3 a la poblaci\u00f3n a hacer el tr\u00e1mite respectivo.<\/p>\n\n\n\n<p>Inform\u00f3 que, el 10 de febrero es el \u00faltimo d\u00eda para renovar la credencial de elector por cambio de domicilio, correcci\u00f3n de datos y para j\u00f3venes de 17 a\u00f1os que cumplen la mayor\u00eda a m\u00e1s tardar el 1 de julio. Mientras que el 28 de febrero es el \u00faltimo d\u00eda para solicitar la reposici\u00f3n de la credencial, y el 20 de mayo para solicitar una reimpresi\u00f3n por robo o extrav\u00edo.<\/p>\n","protected":false},"excerpt":{"rendered":"<p>Redacci\u00f3n\/Zona Roja. Oaxaca de Ju\u00e1rez, Oax., a 7 de febrero de 2025.- El Partido Morena&hellip;<\/p>\n","protected":false},"author":2,"featured_media":77298,"comment_status":"closed","ping_status":"open","sticky":false,"template":"","format":"standard","meta":{"_lmt_disableupdate":"","_lmt_disable":"","_jetpack_memberships_contains_paid_content":false,"footnotes":""},"categories":[109,46],"tags":[4128],"class_list":["post-77297","post","type-post","status-publish","format-standard","has-post-thumbnail","hentry","category-minuto-a-minuto","category-zona-blanca","tag-emmanuel-navarro-jara"],"jetpack_featured_media_url":"https:\/\/zonaroja.com.mx\/wp-content\/uploads\/2025\/02\/Conferencia-de-prensa-Morena-Emmanuel-Navarro.jpg","jetpack_sharing_enabled":true,"_links":{"self":[{"href":"https:\/\/zonaroja.com.mx\/index.php?rest_route=\/wp\/v2\/posts\/77297","targetHints":{"allow":["GET"]}}],"collection":[{"href":"https:\/\/zonaroja.com.mx\/index.php?rest_route=\/wp\/v2\/posts"}],"about":[{"href":"https:\/\/zonaroja.com.mx\/index.php?rest_route=\/wp\/v2\/types\/post"}],"author":[{"embeddable":true,"href":"https:\/\/zonaroja.com.mx\/index.php?rest_route=\/wp\/v2\/users\/2"}],"replies":[{"embeddable":true,"href":"https:\/\/zonaroja.com.mx\/index.php?rest_route=%2Fwp%2Fv2%2Fcomments&post=77297"}],"version-history":[{"count":1,"href":"https:\/\/zonaroja.com.mx\/index.php?rest_route=\/wp\/v2\/posts\/77297\/revisions"}],"predecessor-version":[{"id":77299,"href":"https:\/\/zonaroja.com.mx\/index.php?rest_route=\/wp\/v2\/posts\/77297\/revisions\/77299"}],"wp:featuredmedia":[{"embeddable":true,"href":"https:\/\/zonaroja.com.mx\/index.php?rest_route=\/wp\/v2\/media\/77298"}],"wp:attachment":[{"href":"https:\/\/zonaroja.com.mx\/index.php?rest_route=%2Fwp%2Fv2%2Fmedia&parent=77297"}],"wp:term":[{"taxonomy":"category","embeddable":true,"href":"https:\/\/zonaroja.com.mx\/index.php?rest_route=%2Fwp%2Fv2%2Fcategories&post=77297"},{"taxonomy":"post_tag","embeddable":true,"href":"https:\/\/zonaroja.com.mx\/index.php?rest_route=%2Fwp%2Fv2%2Ftags&post=77297"}],"curies":[{"name":"wp","href":"https:\/\/api.w.org\/{rel}","templated":true}]}}