{"id":7730,"date":"2020-01-16T11:27:03","date_gmt":"2020-01-16T17:27:03","guid":{"rendered":"https:\/\/www.zonaroja.com.mx\/?p=7730"},"modified":"2020-01-16T11:27:06","modified_gmt":"2020-01-16T17:27:06","slug":"un-heroe-pedro-lezama-sigue-su-lucha-e-invita-a-seguir-apoyandolo","status":"publish","type":"post","link":"https:\/\/zonaroja.com.mx\/?p=7730","title":{"rendered":"\u00a1Un h\u00e9roe!\u00a0Pedro Lezama sigue su lucha e invita a seguir apoy\u00e1ndolo"},"content":{"rendered":"\n<p>Yuridiana Sosa\/Zona Roja.<\/p>\n\n\n\n<p><br>San Juan Bautista Tuxtepec, Oax., 16 de enero de 2020.- Fuera de cama, sentado en un sill\u00f3n y con todo el \u00e1nimo de continuar su proceso m\u00e9dico, el becario del programa \u201cJ\u00f3venes Construyendo el Futuro\u201d, Pedro Lezama, lanz\u00f3 una invitaci\u00f3n en video para que la comunidad de la Cuenca lo siga apoyando a trav\u00e9s de una recaudaci\u00f3n de fondos.<\/p>\n\n\n\n<p>El pr\u00f3ximo 25 de enero, el equipo de f\u00fatbol de tercera divisi\u00f3n \u201cConejos\u201d de Tuxtepec y el cuadro deportivo de Ex profesionales de Tuxtepec se enfrentar\u00e1n en un partido amistoso, con el fin de recaudar recursos a beneficio de la recuperaci\u00f3n del joven tuxtepecano, que permanece internado en el Hospital del IMSS \u201cLa Raza\u201d de la Ciudad de M\u00e9xico, desde hace m\u00e1s de un mes.<\/p>\n\n\n\n<p>A trav\u00e9s de un breve video, Pedro primero agradeci\u00f3 a la poblaci\u00f3n por las oraciones y apoyo moral brindado a \u00e9l y a su familia, para despu\u00e9s invitar al partido de f\u00fatbol que se realizar\u00e1 el s\u00e1bado en el estadio \u201cGuillermo Hern\u00e1ndez Castro\u201d, de este municipio.<\/p>\n\n\n\n<p><div class=\"twitter-tweet\"><blockquote class=\"twitter-tweet\" data-lang=\"es\"><p lang=\"es\" dir=\"ltr\"><a href=\"https:\/\/twitter.com\/hashtag\/OaxacaRosa?src=hash&amp;ref_src=twsrc%5Etfw\">#OaxacaRosa<\/a><a href=\"https:\/\/twitter.com\/hashtag\/HechoEnOaxaca?src=hash&amp;ref_src=twsrc%5Etfw\">#HechoEnOaxaca<\/a><br>\u00a1El milagro sigue con Pedro Alberto Lezama! Cada d\u00eda se recupera el joven becario de <a href=\"https:\/\/twitter.com\/hashtag\/Tuxtepec?src=hash&amp;ref_src=twsrc%5Etfw\">#Tuxtepec<\/a> y ahora le organizan un encuentro deportivo para recaudar fondos. Aqu\u00ed los detalles: <a href=\"https:\/\/t.co\/4iYSZOkvvD\">pic.twitter.com\/4iYSZOkvvD<\/a><\/p>&mdash; Zona Roja Oaxaca (@MexRoja) <a href=\"https:\/\/twitter.com\/MexRoja\/status\/1217817207259922433?ref_src=twsrc%5Etfw\">16 de enero de 2020<\/a><\/blockquote><\/div><\/p>\n\n\n\n<p>\u201cLa ayuda ser\u00e1 en apoyo a mi recuperaci\u00f3n. Espero contar con tu presencia\u201d, expres\u00f3 el joven. La entrada tendr\u00e1 un costo de 20 pesos.<br>Pedro Lezama casi pierde la vida tras quedar prensado de l\u00e1minas que deb\u00eda cargar como parte de las actividades que ayuntamiento de Tuxtepec, como empresa adscrita al programa federal, design\u00f3 al joven.<\/p>\n\n\n\n<p>Luego de varios diagnostico negativos y desahucios en hospitales del Instituto Mexicano del Seguro Social en Tuxtepec y luego en Oaxaca, la familia de Pedro logr\u00f3 su ingreso al nosocomio \u201cLa Raza\u201d, donde luego de varias cirug\u00edas, se recupera.<br><br><\/p>\n","protected":false},"excerpt":{"rendered":"<p>Yuridiana Sosa\/Zona Roja. San Juan Bautista Tuxtepec, Oax., 16 de enero de 2020.- Fuera de&hellip;<\/p>\n","protected":false},"author":2,"featured_media":7729,"comment_status":"closed","ping_status":"open","sticky":false,"template":"","format":"standard","meta":{"_lmt_disableupdate":"","_lmt_disable":"","_jetpack_memberships_contains_paid_content":false,"footnotes":""},"categories":[109,46],"tags":[1064],"class_list":["post-7730","post","type-post","status-publish","format-standard","has-post-thumbnail","hentry","category-minuto-a-minuto","category-zona-blanca","tag-pedro-alberto-lezama-hernandez"],"jetpack_featured_media_url":"https:\/\/zonaroja.com.mx\/wp-content\/uploads\/2020\/01\/8a5ad179-258b-40e1-be0f-ee402be8637d.jpg","jetpack_sharing_enabled":true,"_links":{"self":[{"href":"https:\/\/zonaroja.com.mx\/index.php?rest_route=\/wp\/v2\/posts\/7730","targetHints":{"allow":["GET"]}}],"collection":[{"href":"https:\/\/zonaroja.com.mx\/index.php?rest_route=\/wp\/v2\/posts"}],"about":[{"href":"https:\/\/zonaroja.com.mx\/index.php?rest_route=\/wp\/v2\/types\/post"}],"author":[{"embeddable":true,"href":"https:\/\/zonaroja.com.mx\/index.php?rest_route=\/wp\/v2\/users\/2"}],"replies":[{"embeddable":true,"href":"https:\/\/zonaroja.com.mx\/index.php?rest_route=%2Fwp%2Fv2%2Fcomments&post=7730"}],"version-history":[{"count":1,"href":"https:\/\/zonaroja.com.mx\/index.php?rest_route=\/wp\/v2\/posts\/7730\/revisions"}],"predecessor-version":[{"id":7731,"href":"https:\/\/zonaroja.com.mx\/index.php?rest_route=\/wp\/v2\/posts\/7730\/revisions\/7731"}],"wp:featuredmedia":[{"embeddable":true,"href":"https:\/\/zonaroja.com.mx\/index.php?rest_route=\/wp\/v2\/media\/7729"}],"wp:attachment":[{"href":"https:\/\/zonaroja.com.mx\/index.php?rest_route=%2Fwp%2Fv2%2Fmedia&parent=7730"}],"wp:term":[{"taxonomy":"category","embeddable":true,"href":"https:\/\/zonaroja.com.mx\/index.php?rest_route=%2Fwp%2Fv2%2Fcategories&post=7730"},{"taxonomy":"post_tag","embeddable":true,"href":"https:\/\/zonaroja.com.mx\/index.php?rest_route=%2Fwp%2Fv2%2Ftags&post=7730"}],"curies":[{"name":"wp","href":"https:\/\/api.w.org\/{rel}","templated":true}]}}