{"id":77300,"date":"2025-02-07T17:15:56","date_gmt":"2025-02-07T23:15:56","guid":{"rendered":"https:\/\/zonaroja.com.mx\/?p=77300"},"modified":"2025-02-07T17:15:59","modified_gmt":"2025-02-07T23:15:59","slug":"era-comerciante-originario-de-tavehua-el-asesinado-en-oaxaca-exigen-justicia","status":"publish","type":"post","link":"https:\/\/zonaroja.com.mx\/?p=77300","title":{"rendered":"Era comerciante originario de Tavehua el asesinado en Oaxaca; exigen justicia"},"content":{"rendered":"\n<p>Ismael Garc\u00eda\/Zona Roja.&nbsp;<\/p>\n\n\n\n<p>Oaxaca de Ju\u00e1rez, Oax., 7 de febrero de 2025.- La asociacionismo civil Unidos por Tavehua lament\u00f3 el asesinato de uno afiliados y paisano de la regi\u00f3n Sierra Ju\u00e1rez de Oaxaca y exigi\u00f3 justicia por este crimen perpetrado anoche en la ciudad de Oaxaca.<\/p>\n\n\n\n<p>En un comunicado, demand\u00f3 a la Fiscal\u00eda General del Estado una investigaci\u00f3n \u00e1gil y eficaz, para castigar al o los responsables del hecho registrado en una miscel\u00e1nea de la colonia Itandehui, agencia de San Mart\u00edn Mexic\u00e1pam.<\/p>\n\n\n\n<p>Asimismo, demand\u00f3 al presidente municipal de Oaxaca de Ju\u00e1rez, Raymundo Chagoya, se garantice la seguridad en la zona, donde de manera constante se cometen delitos.<\/p>\n\n\n\n<p>\u201cComo comunidad zapoteca migrante radicados en la ciudad de Oaxaca condenamos rotundamente el asesinato producto de un asalto que sufri\u00f3 nuestro paisano Alejo P\u00e9rez Jim\u00e9nez.<\/p>\n\n\n\n<p>\u201cInd\u00edgena zapoteca, fue un hombre solidario con su pueblo, amigos y vecinos, siempre al servicio de la comunidad. Desde joven tuvo el \u00edmpetu de salir adelante, de progresar y ofrecer una mejor vida a su familia.<\/p>\n\n\n\n<p>\u201cSu muerte nos duele, nos lastima como pueblo ind\u00edgena, porque le han arrebatado la vida a un hombre que siempre se solidariz\u00f3 con las causas de nuestra comunidad, apoy\u00f3 hasta el \u00faltimo minuto de vida a<\/p>\n\n\n\n<p>esta organizaci\u00f3n\u201d, expuso.<\/p>\n\n\n\n<p>Los originarios de Santa Mar\u00eda Tavehua, radicados en Oaxaca, exigieron que no exista excusa para que las investigaciones progresen \u201cy sean capturados a la brevedad los responsables de este cobarde asesinato, producto de la violencia que nos acecha como ciudadanos.<\/p>\n\n\n\n<p>\u201cSe\u00f1or gobernador Salom\u00f3n Jara Cruz, un paisano de nuestra regi\u00f3n fue alcanzado por la violencia,, que su muerte no quede impune\u201d.<\/p>\n","protected":false},"excerpt":{"rendered":"<p>Ismael Garc\u00eda\/Zona Roja.&nbsp; Oaxaca de Ju\u00e1rez, Oax., 7 de febrero de 2025.- La asociacionismo civil&hellip;<\/p>\n","protected":false},"author":2,"featured_media":77301,"comment_status":"closed","ping_status":"open","sticky":false,"template":"","format":"standard","meta":{"_lmt_disableupdate":"","_lmt_disable":"","_jetpack_memberships_contains_paid_content":false,"footnotes":""},"categories":[109,47],"tags":[],"class_list":["post-77300","post","type-post","status-publish","format-standard","has-post-thumbnail","hentry","category-minuto-a-minuto","category-zona-gris"],"jetpack_featured_media_url":"https:\/\/zonaroja.com.mx\/wp-content\/uploads\/2025\/02\/De-Tavehua-asesinado-en-Oaxaca-capital.jpg","jetpack_sharing_enabled":true,"_links":{"self":[{"href":"https:\/\/zonaroja.com.mx\/index.php?rest_route=\/wp\/v2\/posts\/77300","targetHints":{"allow":["GET"]}}],"collection":[{"href":"https:\/\/zonaroja.com.mx\/index.php?rest_route=\/wp\/v2\/posts"}],"about":[{"href":"https:\/\/zonaroja.com.mx\/index.php?rest_route=\/wp\/v2\/types\/post"}],"author":[{"embeddable":true,"href":"https:\/\/zonaroja.com.mx\/index.php?rest_route=\/wp\/v2\/users\/2"}],"replies":[{"embeddable":true,"href":"https:\/\/zonaroja.com.mx\/index.php?rest_route=%2Fwp%2Fv2%2Fcomments&post=77300"}],"version-history":[{"count":1,"href":"https:\/\/zonaroja.com.mx\/index.php?rest_route=\/wp\/v2\/posts\/77300\/revisions"}],"predecessor-version":[{"id":77302,"href":"https:\/\/zonaroja.com.mx\/index.php?rest_route=\/wp\/v2\/posts\/77300\/revisions\/77302"}],"wp:featuredmedia":[{"embeddable":true,"href":"https:\/\/zonaroja.com.mx\/index.php?rest_route=\/wp\/v2\/media\/77301"}],"wp:attachment":[{"href":"https:\/\/zonaroja.com.mx\/index.php?rest_route=%2Fwp%2Fv2%2Fmedia&parent=77300"}],"wp:term":[{"taxonomy":"category","embeddable":true,"href":"https:\/\/zonaroja.com.mx\/index.php?rest_route=%2Fwp%2Fv2%2Fcategories&post=77300"},{"taxonomy":"post_tag","embeddable":true,"href":"https:\/\/zonaroja.com.mx\/index.php?rest_route=%2Fwp%2Fv2%2Ftags&post=77300"}],"curies":[{"name":"wp","href":"https:\/\/api.w.org\/{rel}","templated":true}]}}