{"id":77306,"date":"2025-02-07T20:19:19","date_gmt":"2025-02-08T02:19:19","guid":{"rendered":"https:\/\/zonaroja.com.mx\/?p=77306"},"modified":"2025-02-07T20:19:21","modified_gmt":"2025-02-08T02:19:21","slug":"ante-el-nulo-apoyo-del-inpi-marchara-el-mult-en-la-cdmx","status":"publish","type":"post","link":"https:\/\/zonaroja.com.mx\/?p=77306","title":{"rendered":"Ante el nulo apoyo del INPI, marchar\u00e1 el MULT en la Cdmx"},"content":{"rendered":"\n<p>Redacci\u00f3n\/Estado 20.<\/p>\n\n\n\n<p>Ciudad de M\u00e9xico, a 7 de febrero de 2025.- El Movimiento de Unificaci\u00f3n y Lucha Triqui (MULT) anunci\u00f3 que&nbsp;el pr\u00f3ximo mi\u00e9rcoles&nbsp;12 de febrero de 2025 cerrar\u00e1 las oficinas centrales del Instituto Nacional de los Pueblos Ind\u00edgenas (INPI) en la Ciudad de M\u00e9xico, y de sus representaciones en los estados de Baja California, Chiapas y Oaxaca.<\/p>\n\n\n\n<p>Lo anterior, detall\u00f3, ante el incumplimiento de una serie de convenios y compromisos con la organizaci\u00f3n signados por el INPI, dependencia federal a cargo del oaxaque\u00f1o Adelfo Regino Montes.<\/p>\n\n\n\n<p>De acuerdo con el MULT, hasta la fecha no se ha materializado ning\u00fan proyecto social u obra p\u00fablica en San Juan Copala, agencia municipal de Santiago Juxtlahuaca, y que es considerada el centro ceremonial de la regi\u00f3n Triqui de Oaxaca.<\/p>\n\n\n\n<p>La organizaci\u00f3n precis\u00f3 que a la fecha no hay ning\u00fan proyecto comunitario en la comunidad, como ha presumido Regino Montes en medios de comunicaci\u00f3n. En espec\u00edfico, se\u00f1al\u00f3 la construcci\u00f3n de caminos artesanales y albergues, entre otros, que no se han&nbsp; realizado.<\/p>\n\n\n\n<p>\u00abDesde hace dos a\u00f1os el Instituto Nacional de los Pueblos Ind\u00edgenas (INPI), que dirige el licenciado Adelfo Regino Montes, contrario a lo que se jacta en los medios de comunicaci\u00f3n, no ha materializado hasta el d\u00eda de hoy ning\u00fan proyecto comunitario (caminos artesanales, albergues, etc.) en la zona triqui de San Juan Copala, as\u00ed como tampoco ha cumplido con una serie de convenios y compromisos con nuestra organizaci\u00f3n\u00bb, asegur\u00f3 mediante un comunicado.&nbsp;<\/p>\n\n\n\n<p>Al contrario, denunci\u00f3 que el INPI viene reproduciendo viejas pol\u00edticas indigenistas y paternalistas, violatorias de los principios constitucionales que reconocen a los pueblos ind\u00edgenas como sujetos de derecho p\u00fablico.<\/p>\n\n\n\n<p>\u00abBajo estas consideraciones y, por mandato de nuestra asamblea comunitaria hemos decidido cerrar&nbsp;el pr\u00f3ximo mi\u00e9rcoles&nbsp;12 de febrero, del presente a\u00f1o, las oficinas centrales de la Ciudad de M\u00e9xico, as\u00ed como las de representaci\u00f3n del INPI en los estados de Baja California, Chiapas y Oaxaca\u00bb.<\/p>\n","protected":false},"excerpt":{"rendered":"<p>Redacci\u00f3n\/Estado 20. Ciudad de M\u00e9xico, a 7 de febrero de 2025.- El Movimiento de Unificaci\u00f3n&hellip;<\/p>\n","protected":false},"author":2,"featured_media":77307,"comment_status":"closed","ping_status":"open","sticky":false,"template":"","format":"standard","meta":{"_lmt_disableupdate":"","_lmt_disable":"","_jetpack_memberships_contains_paid_content":false,"footnotes":""},"categories":[109,47],"tags":[4188],"class_list":["post-77306","post","type-post","status-publish","format-standard","has-post-thumbnail","hentry","category-minuto-a-minuto","category-zona-gris","tag-adelfo-regino"],"jetpack_featured_media_url":"https:\/\/zonaroja.com.mx\/wp-content\/uploads\/2025\/02\/Adelfo-Regino-MULT.jpg","jetpack_sharing_enabled":true,"_links":{"self":[{"href":"https:\/\/zonaroja.com.mx\/index.php?rest_route=\/wp\/v2\/posts\/77306","targetHints":{"allow":["GET"]}}],"collection":[{"href":"https:\/\/zonaroja.com.mx\/index.php?rest_route=\/wp\/v2\/posts"}],"about":[{"href":"https:\/\/zonaroja.com.mx\/index.php?rest_route=\/wp\/v2\/types\/post"}],"author":[{"embeddable":true,"href":"https:\/\/zonaroja.com.mx\/index.php?rest_route=\/wp\/v2\/users\/2"}],"replies":[{"embeddable":true,"href":"https:\/\/zonaroja.com.mx\/index.php?rest_route=%2Fwp%2Fv2%2Fcomments&post=77306"}],"version-history":[{"count":1,"href":"https:\/\/zonaroja.com.mx\/index.php?rest_route=\/wp\/v2\/posts\/77306\/revisions"}],"predecessor-version":[{"id":77309,"href":"https:\/\/zonaroja.com.mx\/index.php?rest_route=\/wp\/v2\/posts\/77306\/revisions\/77309"}],"wp:featuredmedia":[{"embeddable":true,"href":"https:\/\/zonaroja.com.mx\/index.php?rest_route=\/wp\/v2\/media\/77307"}],"wp:attachment":[{"href":"https:\/\/zonaroja.com.mx\/index.php?rest_route=%2Fwp%2Fv2%2Fmedia&parent=77306"}],"wp:term":[{"taxonomy":"category","embeddable":true,"href":"https:\/\/zonaroja.com.mx\/index.php?rest_route=%2Fwp%2Fv2%2Fcategories&post=77306"},{"taxonomy":"post_tag","embeddable":true,"href":"https:\/\/zonaroja.com.mx\/index.php?rest_route=%2Fwp%2Fv2%2Ftags&post=77306"}],"curies":[{"name":"wp","href":"https:\/\/api.w.org\/{rel}","templated":true}]}}