{"id":77310,"date":"2025-02-07T21:17:59","date_gmt":"2025-02-08T03:17:59","guid":{"rendered":"https:\/\/zonaroja.com.mx\/?p=77310"},"modified":"2025-02-07T21:18:02","modified_gmt":"2025-02-08T03:18:02","slug":"catean-domicilios-en-oaxaca-hallan-droga-y-detienen-a-9-personas","status":"publish","type":"post","link":"https:\/\/zonaroja.com.mx\/?p=77310","title":{"rendered":"Catean domicilios en Oaxaca; hallan droga y detienen a 9 personas"},"content":{"rendered":"\n<p>Redacci\u00f3n\/Zona Roja.<\/p>\n\n\n\n<p>Oaxaca de Ju\u00e1rez a 7 de febrero de 2025.- Nueve personas detenidas y diversas cantidades de droga es el resultado de diversos cateos ejecutados por la Fiscal\u00eda General del Estado en domicilios de municipios de la regi\u00f3n Valles Centrales de Oaxaca.<\/p>\n\n\n\n<p>En un comunicado, inform\u00f3 que como parte de las acciones de combate a delitos de alto impacto, dio cumplimiento a dos mandatos judiciales.&nbsp;<\/p>\n\n\n\n<p>El primer operativo encabezado por la Fiscal\u00eda de Oaxaca, a trav\u00e9s de la Agencia Estatal de investigaciones (AEI), se realiz\u00f3 en un domicilio ubicado en el municipio de Cuil\u00e1pam de Guerrero, donde se aseguraron diversas dosis de droga conocida como cristal y mariguana, as\u00ed como la detenci\u00f3n de dos personas del sexo masculino.<\/p>\n\n\n\n<p>El segundo cateo se efectu\u00f3 en un domicilio ubicado en el municipio de Santa Cruz Xoxocotl\u00e1n, donde lograron la detenci\u00f3n de 7 personas, entre ellas una mujer, con posesi\u00f3n de diversas bolsas de la droga conocida como cristal y mariguana.<\/p>\n\n\n\n<p>Todas las personas detenidas y los objetos asegurados quedaron a disposici\u00f3n de la autoridad ministerial correspondiente para resolver su situaci\u00f3n jur\u00eddica.&nbsp;<\/p>\n\n\n\n<p>Estos operativos realizados por la FGEO, a trav\u00e9s de la Agencia Estatal de Investigaci\u00f3n son parte de las acciones que forman parte de la estrategia estatal de seguridad p\u00fablica y procuraci\u00f3n de justicia a favor de la ciudadan\u00eda en las diferentes regiones de Oaxaca.<\/p>\n","protected":false},"excerpt":{"rendered":"<p>Redacci\u00f3n\/Zona Roja. Oaxaca de Ju\u00e1rez a 7 de febrero de 2025.- Nueve personas detenidas y&hellip;<\/p>\n","protected":false},"author":2,"featured_media":77311,"comment_status":"closed","ping_status":"open","sticky":false,"template":"","format":"standard","meta":{"_lmt_disableupdate":"","_lmt_disable":"","_jetpack_memberships_contains_paid_content":false,"footnotes":""},"categories":[109,46],"tags":[494],"class_list":["post-77310","post","type-post","status-publish","format-standard","has-post-thumbnail","hentry","category-minuto-a-minuto","category-zona-blanca","tag-fiscalia-general-del-estado-de-oaxaca"],"jetpack_featured_media_url":"https:\/\/zonaroja.com.mx\/wp-content\/uploads\/2025\/02\/Detenidos-cateos-Fiscalia.jpg","jetpack_sharing_enabled":true,"_links":{"self":[{"href":"https:\/\/zonaroja.com.mx\/index.php?rest_route=\/wp\/v2\/posts\/77310","targetHints":{"allow":["GET"]}}],"collection":[{"href":"https:\/\/zonaroja.com.mx\/index.php?rest_route=\/wp\/v2\/posts"}],"about":[{"href":"https:\/\/zonaroja.com.mx\/index.php?rest_route=\/wp\/v2\/types\/post"}],"author":[{"embeddable":true,"href":"https:\/\/zonaroja.com.mx\/index.php?rest_route=\/wp\/v2\/users\/2"}],"replies":[{"embeddable":true,"href":"https:\/\/zonaroja.com.mx\/index.php?rest_route=%2Fwp%2Fv2%2Fcomments&post=77310"}],"version-history":[{"count":1,"href":"https:\/\/zonaroja.com.mx\/index.php?rest_route=\/wp\/v2\/posts\/77310\/revisions"}],"predecessor-version":[{"id":77312,"href":"https:\/\/zonaroja.com.mx\/index.php?rest_route=\/wp\/v2\/posts\/77310\/revisions\/77312"}],"wp:featuredmedia":[{"embeddable":true,"href":"https:\/\/zonaroja.com.mx\/index.php?rest_route=\/wp\/v2\/media\/77311"}],"wp:attachment":[{"href":"https:\/\/zonaroja.com.mx\/index.php?rest_route=%2Fwp%2Fv2%2Fmedia&parent=77310"}],"wp:term":[{"taxonomy":"category","embeddable":true,"href":"https:\/\/zonaroja.com.mx\/index.php?rest_route=%2Fwp%2Fv2%2Fcategories&post=77310"},{"taxonomy":"post_tag","embeddable":true,"href":"https:\/\/zonaroja.com.mx\/index.php?rest_route=%2Fwp%2Fv2%2Ftags&post=77310"}],"curies":[{"name":"wp","href":"https:\/\/api.w.org\/{rel}","templated":true}]}}